{"id":8990,"date":"2018-05-09T16:55:50","date_gmt":"2018-05-09T16:55:50","guid":{"rendered":"http:\/\/archiv.szolnoktv.hu\/?p=8990"},"modified":"2021-08-14T14:10:37","modified_gmt":"2021-08-14T14:10:37","slug":"hat-honap-afganisztanban","status":"publish","type":"post","link":"http:\/\/archiv.szolnoktv.hu\/?p=8990","title":{"rendered":"Hat h\u00f3nap Afganiszt\u00e1nban"},"content":{"rendered":"<div class='booster-block booster-read-block'><\/div><p>A csapatz\u00e1szl\u00f3 el\u0151tt szalut\u00e1l\u00f3 alakulat t\u00edz tagja vett r\u00e9szt a h\u00f3napokig tart\u00f3 speci\u00e1lis kik\u00e9pz\u00e9sen, ami alkalmass\u00e1 teszi \u0151ket a helyt\u00e1ll\u00e1sra a vil\u00e1g egyik kiemelt v\u00e1ls\u00e1g\u00f6vezet\u00e9ben. 2010- \u00f3ta 29 magyar csoport j\u00e1rt kint. A most kiutaz\u00f3 kontingens az afg\u00e1n l\u00e9gier\u0151t seg\u00edti majd. J\u00f3l lehet az amerikai hadsereg egyre t\u00f6bb saj\u00e1t helikoptert ad \u00e1t az afg\u00e1noknak, ma m\u00e9g sz\u00fcks\u00e9g van az orosz gy\u00e1rtm\u00e1ny\u00fa g\u00e9pekre is, hangs\u00falyozta Dr. Koller J\u00f3zsef dand\u00e1rt\u00e1bornok, parancsnok  <\/p>\n<p>&#8220;Ez\u00e1ltal tiszt\u00e1n l\u00e1tszik, hogy a feladatunk egyre kevesebb lesz. De am\u00edg nek\u00fcnk ott feladatunk van- a MI-17- esek rep\u00fclnek, addig nek\u00fcnk \u00fagymond l\u00e9tjogosults\u00e1gunk van arra, hogy ott legy\u00fcnk.&#8221;<\/p>\n<p>A kiutaz\u00f3 kontingens tagjai tudj\u00e1k mire v\u00e1llalkoznak. Horv\u00e1th Gergely sz\u00e1zados nem el\u0151sz\u00f6r j\u00e1r a h\u00e1bor\u00fas \u00f6vezetben.<\/p>\n<p>&#8220;Ebben az orsz\u00e1gban h\u00e1bor\u00fas \u00e1llapotok vannak, term\u00e9szetesen mi magyarok megpr\u00f3b\u00e1ljuk a vesz\u00e9lyt minimaliz\u00e1lni \u00e9s maxim\u00e1lisan a biztons\u00e1gra t\u00f6reksz\u00fcnk.&#8221; <\/p>\n<p>Az elm\u00falt nyolc \u00e9v kik\u00fcldet\u00e9sei sor\u00e1n csaknem 2.500 rep\u00fclt \u00f3r\u00e1t tudhatnak maguk m\u00f6g\u00f6tt a szolnoki katon\u00e1k. A most kiutaz\u00f3- egy\u00e9ni tan\u00e1csad\u00f3i beoszt\u00e1st bet\u00f6lt\u0151- kontingens tagjai m\u00e1jus 17.- t\u0151l, november 30.- ig teljes\u00edtenek majd szolg\u00e1latot Afganiszt\u00e1nban.<\/p>\n<div style=\"width: 640px;\" class=\"wp-video\"><!--[if lt IE 9]><script>document.createElement('video');<\/script><![endif]-->\n<video class=\"wp-video-shortcode\" id=\"video-8990-1\" width=\"640\" height=\"360\" preload=\"metadata\" controls=\"controls\"><source type=\"video\/mp4\" src=\"\/spots\/hir\/hir_180509_01.mp4?_=1\" \/><a href=\"\/spots\/hir\/hir_180509_01.mp4\">\/spots\/hir\/hir_180509_01.mp4<\/a><\/video><\/div>\n","protected":false},"excerpt":{"rendered":"<p>A csapatz\u00e1szl\u00f3 el\u0151tt szalut\u00e1l\u00f3 alakulat t\u00edz tagja vett r\u00e9szt a h\u00f3napokig tart\u00f3 speci\u00e1lis kik\u00e9pz\u00e9sen, ami alkalmass\u00e1 teszi \u0151ket a helyt\u00e1ll\u00e1sra a vil\u00e1g egyik kiemelt v\u00e1ls\u00e1g\u00f6vezet\u00e9ben. 2010- \u00f3ta 29 magyar csoport j\u00e1rt kint. A most kiutaz\u00f3 kontingens az afg\u00e1n l\u00e9gier\u0151t seg\u00edti majd. J\u00f3l lehet az amerikai hadsereg egyre t\u00f6bb saj\u00e1t helikoptert ad \u00e1t az afg\u00e1noknak, ma [&hellip;]<\/p>\n","protected":false},"author":2,"featured_media":0,"comment_status":"closed","ping_status":"closed","sticky":false,"template":"","format":"standard","meta":[],"categories":[9],"tags":[],"_links":{"self":[{"href":"http:\/\/archiv.szolnoktv.hu\/index.php?rest_route=\/wp\/v2\/posts\/8990"}],"collection":[{"href":"http:\/\/archiv.szolnoktv.hu\/index.php?rest_route=\/wp\/v2\/posts"}],"about":[{"href":"http:\/\/archiv.szolnoktv.hu\/index.php?rest_route=\/wp\/v2\/types\/post"}],"author":[{"embeddable":true,"href":"http:\/\/archiv.szolnoktv.hu\/index.php?rest_route=\/wp\/v2\/users\/2"}],"replies":[{"embeddable":true,"href":"http:\/\/archiv.szolnoktv.hu\/index.php?rest_route=%2Fwp%2Fv2%2Fcomments&post=8990"}],"version-history":[{"count":1,"href":"http:\/\/archiv.szolnoktv.hu\/index.php?rest_route=\/wp\/v2\/posts\/8990\/revisions"}],"predecessor-version":[{"id":9105,"href":"http:\/\/archiv.szolnoktv.hu\/index.php?rest_route=\/wp\/v2\/posts\/8990\/revisions\/9105"}],"wp:attachment":[{"href":"http:\/\/archiv.szolnoktv.hu\/index.php?rest_route=%2Fwp%2Fv2%2Fmedia&parent=8990"}],"wp:term":[{"taxonomy":"category","embeddable":true,"href":"http:\/\/archiv.szolnoktv.hu\/index.php?rest_route=%2Fwp%2Fv2%2Fcategories&post=8990"},{"taxonomy":"post_tag","embeddable":true,"href":"http:\/\/archiv.szolnoktv.hu\/index.php?rest_route=%2Fwp%2Fv2%2Ftags&post=8990"}],"curies":[{"name":"wp","href":"https:\/\/api.w.org\/{rel}","templated":true}]}}