{"id":8989,"date":"2018-05-09T16:40:46","date_gmt":"2018-05-09T16:40:46","guid":{"rendered":"http:\/\/archiv.szolnoktv.hu\/?p=8989"},"modified":"2021-08-14T14:10:38","modified_gmt":"2021-08-14T14:10:38","slug":"segitseget-ker-a-beteg-holgy","status":"publish","type":"post","link":"http:\/\/archiv.szolnoktv.hu\/?p=8989","title":{"rendered":"Seg\u00edts\u00e9get k\u00e9r a beteg h\u00f6lgy"},"content":{"rendered":"<div class='booster-block booster-read-block'><\/div><p> \u00dajabb \u00fcgyf\u00e9l k\u00e9r t\u00e1mogat\u00e1st a Szolnok Seg\u00edt Programban. A fiatal h\u00f6lgyet jelenleg m\u00e1r a f\u0151v\u00e1rosban kezelik, hogy m\u0171thet\u0151 m\u00e9ret\u0171v\u00e9 zsugor\u00edts\u00e1k daganat\u00e1t. <\/p>\n<p>Kis Rita koordin\u00e1tor Szolnok Seg\u00edt Program : <br \/>-&#8220;Juditr\u00f3l annyit kell tudni, hogy a 20-as \u00e9vei  v\u00e9g\u00e9n j\u00e1r\u00f3 fiatal h\u00f6lgy. \u00c9vekig j\u00e1tsz\u00f3h\u00e1zban dolgozott, majd k\u00fclf\u00f6ldre siker\u00fclt neki elhelyezkednie, ott id\u0151sek \u00e1pol\u00e1s\u00e1val foglalkozott, azonban janu\u00e1rban egy igen komoly hasi m\u0171t\u00e9ten esett \u00e1t \u00e9s fel kellett mondani a munk\u00e1j\u00e1t.  &#8211;<\/p>\n<p>Addigi \u00f6sszegy\u0171jt\u00f6tt p\u00e9nz\u00e9t fel\u00e9lte. Ebb\u0151l a betegs\u00e9gb\u0151l felgy\u00f3gyult, \u00e1m n\u00e9h\u00e1ny hete \u00fajabb gond miatt haza kellett j\u00f6nnie. <\/p>\n<p>Kis Rita koordin\u00e1tor Szolnok Seg\u00edt Program : <br \/>-&#8220;Sajnos beigazol\u00f3dott a f\u00e9lelme, hogy rosszindulat\u00fa melldaganatot diagnosztiz\u00e1ltak n\u00e1la. Az\u00e9rt nem tud \u0151 most itt lenni, mert m\u00e1r most megkezd\u0151d\u00f6tt az \u0151 gy\u00f3gykezel\u00e9se. &#8211;<\/p>\n<p>Elsz\u00e1ntan \u00e9s er\u0151sen  k\u00fczd a betegs\u00e9ge ellen. Egy k\u00f6z\u00f6ss\u00e9gi oldalon posztolja gy\u00f3gyul\u00e1s\u00e1nak folyamat\u00e1t.<\/p>\n<p>&#8220;Amiben \u0151 seg\u00edts\u00e9get k\u00e9r ,hogy  egyed\u00fcl lakik egy alb\u00e9rletben. Term\u00e9szetes t\u00e1maszrendszere nincs, nem nagyon tud kire t\u00e1maszkodni. Vannak bar\u00e1tai, de t\u0151l\u00fck nem v\u00e1rhat\u00f3 el, hogy mindenben seg\u00edts\u00e9k, ez\u00e9rt legf\u0151k\u00e9pp anyagiakban szeretne t\u00e1mogat\u00e1st kapni &#8211; folytatta a koordin\u00e1tor &#8211;<\/p>\n<p> Hazat\u00e9rve a k\u00f3rh\u00e1zb\u00f3l fontos, hogy megmaradhasson alb\u00e9rlete \u00e9s olyan \u00e9letm\u00f3dot , \u00e9tkez\u00e9st tudjon fenntartani ami seg\u00edti a l\u00e1badoz\u00e1st, k\u00e9s\u0151bbi  gy\u00f3gyul\u00e1s\u00e1t. A seg\u00edt\u0151 sz\u00e1nd\u00e9kot a Hum\u00e1n Szolg\u00e1ltat\u00f3 K\u00f6zpont el\u00e9rhet\u0151s\u00e9gein jelezhetik. <\/p>\n<div style=\"width: 640px;\" class=\"wp-video\"><!--[if lt IE 9]><script>document.createElement('video');<\/script><![endif]-->\n<video class=\"wp-video-shortcode\" id=\"video-8989-1\" width=\"640\" height=\"360\" preload=\"metadata\" controls=\"controls\"><source type=\"video\/mp4\" src=\"\/spots\/hir\/hir_180509_02.mp4?_=1\" \/><a href=\"\/spots\/hir\/hir_180509_02.mp4\">\/spots\/hir\/hir_180509_02.mp4<\/a><\/video><\/div>\n","protected":false},"excerpt":{"rendered":"<p>\u00dajabb \u00fcgyf\u00e9l k\u00e9r t\u00e1mogat\u00e1st a Szolnok Seg\u00edt Programban. A fiatal h\u00f6lgyet jelenleg m\u00e1r a f\u0151v\u00e1rosban kezelik, hogy m\u0171thet\u0151 m\u00e9ret\u0171v\u00e9 zsugor\u00edts\u00e1k daganat\u00e1t. Kis Rita koordin\u00e1tor Szolnok Seg\u00edt Program : -&#8220;Juditr\u00f3l annyit kell tudni, hogy a 20-as \u00e9vei v\u00e9g\u00e9n j\u00e1r\u00f3 fiatal h\u00f6lgy. \u00c9vekig j\u00e1tsz\u00f3h\u00e1zban dolgozott, majd k\u00fclf\u00f6ldre siker\u00fclt neki elhelyezkednie, ott id\u0151sek \u00e1pol\u00e1s\u00e1val foglalkozott, azonban janu\u00e1rban egy [&hellip;]<\/p>\n","protected":false},"author":2,"featured_media":0,"comment_status":"closed","ping_status":"closed","sticky":false,"template":"","format":"standard","meta":[],"categories":[9],"tags":[],"_links":{"self":[{"href":"http:\/\/archiv.szolnoktv.hu\/index.php?rest_route=\/wp\/v2\/posts\/8989"}],"collection":[{"href":"http:\/\/archiv.szolnoktv.hu\/index.php?rest_route=\/wp\/v2\/posts"}],"about":[{"href":"http:\/\/archiv.szolnoktv.hu\/index.php?rest_route=\/wp\/v2\/types\/post"}],"author":[{"embeddable":true,"href":"http:\/\/archiv.szolnoktv.hu\/index.php?rest_route=\/wp\/v2\/users\/2"}],"replies":[{"embeddable":true,"href":"http:\/\/archiv.szolnoktv.hu\/index.php?rest_route=%2Fwp%2Fv2%2Fcomments&post=8989"}],"version-history":[{"count":1,"href":"http:\/\/archiv.szolnoktv.hu\/index.php?rest_route=\/wp\/v2\/posts\/8989\/revisions"}],"predecessor-version":[{"id":9106,"href":"http:\/\/archiv.szolnoktv.hu\/index.php?rest_route=\/wp\/v2\/posts\/8989\/revisions\/9106"}],"wp:attachment":[{"href":"http:\/\/archiv.szolnoktv.hu\/index.php?rest_route=%2Fwp%2Fv2%2Fmedia&parent=8989"}],"wp:term":[{"taxonomy":"category","embeddable":true,"href":"http:\/\/archiv.szolnoktv.hu\/index.php?rest_route=%2Fwp%2Fv2%2Fcategories&post=8989"},{"taxonomy":"post_tag","embeddable":true,"href":"http:\/\/archiv.szolnoktv.hu\/index.php?rest_route=%2Fwp%2Fv2%2Ftags&post=8989"}],"curies":[{"name":"wp","href":"https:\/\/api.w.org\/{rel}","templated":true}]}}