{"id":8988,"date":"2018-05-08T16:19:37","date_gmt":"2018-05-08T16:19:37","guid":{"rendered":"http:\/\/archiv.szolnoktv.hu\/?p=8988"},"modified":"2021-08-14T14:10:38","modified_gmt":"2021-08-14T14:10:38","slug":"megalakult-az-orszaggyules","status":"publish","type":"post","link":"http:\/\/archiv.szolnoktv.hu\/?p=8988","title":{"rendered":"Megalakult az Orsz\u00e1ggy\u0171l\u00e9s"},"content":{"rendered":"<div class='booster-block booster-read-block'><\/div><p>\u00c1der J\u00e1nos k\u00f6zt\u00e1rsas\u00e1gi eln\u00f6k nyitotta meg az alakul\u00f3 Orsz\u00e1ggy\u0171l\u00e9st, majd el\u00e9nekelt\u00e9k a Himnuszt. Ezt k\u00f6vet\u0151en az \u00e1llamf\u0151 bejelentette, hogy 199 k\u00e9pvisel\u0151 \u00e9s 12 nemzetis\u00e9gi sz\u00f3sz\u00f3l\u00f3 ny\u00fajtotta be megb\u00edz\u00f3level\u00e9t. Az alakul\u00f3 \u00fcl\u00e9st a koreln\u00f6k, a 82 \u00e9ves Turi-Kov\u00e1cs B\u00e9la vezette le. <br \/>A mand\u00e1tumvizsg\u00e1lat mindenki megb\u00edz\u00f3level\u00e9t szab\u00e1lyszer\u0171nek tal\u00e1lta. Ezut\u00e1n a parlament &#8211; 189 igen szavazattal, egyhang\u00falag &#8211; igazolta a k\u00e9pvisel\u0151k \u00e9s a nemzetis\u00e9gi sz\u00f3sz\u00f3l\u00f3k mand\u00e1tum\u00e1t.<br \/>Ezut\u00e1n a t\u00f6rt\u00e9nelmi z\u00e1szl\u00f3k el\u0151tt tett\u00e9k le esk\u00fcj\u00fcket az orsz\u00e1ggy\u0171l\u00e9si k\u00e9pvisel\u0151k.<br \/>\u00c1der J\u00e1nos k\u00f6zt\u00e1rsas\u00e1gi eln\u00f6k besz\u00e9d\u00e9ben els\u0151k\u00e9nt a v\u00e1laszt\u00e1sokr\u00f3l besz\u00e9lt. <br \/>Az alapt\u00f6rv\u00e9ny szerint minisztereln\u00f6k szem\u00e9ly\u00e9re a k\u00f6zt\u00e1rsas\u00e1gi eln\u00f6k tesz javaslatot az orsz\u00e1ggy\u0171l\u00e9snek.  <br \/>A 8. szabadon v\u00e1lasztott orsz\u00e1ggy\u0171l\u00e9sen a k\u00f6zt\u00e1rsas\u00e1gi eln\u00f6k arr\u00f3l is besz\u00e9lt, hogy a magyar gazdas\u00e1gnak is \u00faj kih\u00edv\u00e1sokkal kell szemben\u00e9znie: digit\u00e1lis gazdas\u00e1g, infokommunik\u00e1ci\u00f3, robotiz\u00e1ci\u00f3, mesters\u00e9ges intelligencia &#8211; sorolta az \u00e1llamf\u0151, aki szerint ma az a k\u00e9rd\u00e9s, hogy ebben a versenyben &#8220;a gy\u0151ztesek vagy a vesztesek oldal\u00e1ra ker\u00fcl\u00fcnk&#8221;.  <br \/>Ezut\u00e1n ismertett\u00e9k az orsz\u00e1ggy\u0171l\u00e9s frakci\u00f3it \u00e9s azok vezet\u0151it, majd a k\u00e9pvisel\u0151k d\u00e9lut\u00e1n titkos szavaz\u00e1ssal megv\u00e1lasztott\u00e1k a h\u00e1zeln\u00f6k\u00f6t, K\u00f6v\u00e9r L\u00e1szl\u00f3t, aki letette esk\u00fcj\u00e9t.  <br \/>K\u00f6v\u00e9r L\u00e1szl\u00f3 30 \u00e9ve l\u00e9pett a politika vil\u00e1g\u00e1ba, 28 \u00e9ve az orsz\u00e1ggy\u0171l\u00e9s tagja. 8 \u00e9ve az orsz\u00e1ggy\u0171l\u00e9s eln\u00f6ke. Besz\u00e9d\u00e9ben kisz\u00e1m\u00edthat\u00f3s\u00e1got \u00edg\u00e9rt, majd Kossuth Lajos szavait id\u00e9zte. <br \/>Mik\u00f6zben bent, az \u00e9p\u00fcletben az \u00fcl\u00e9s zajlott, a Parlament el\u0151tt t\u00fcntettek. Eg\u00e9szen a l\u00e9pcs\u0151ig engedt\u00e9k a t\u00fcntet\u0151ket a rend\u0151r\u00f6k, ott viszont sorfalat \u00e1lltak el\u0151tt\u00fck.\u00a0D\u00e9lut\u00e1n azt\u00e1n a n\u00e9h\u00e1ny t\u00fcntet\u0151 egy r\u00e9sze elment, a rend\u0151rs\u00e9gi k\u00e9sz\u00fclts\u00e9g is megsz\u0171nt.<br \/>\n<br \/>\n<div style=\"width: 640px;\" class=\"wp-video\"><!--[if lt IE 9]><script>document.createElement('video');<\/script><![endif]-->\n<video class=\"wp-video-shortcode\" id=\"video-8988-1\" width=\"640\" height=\"360\" preload=\"metadata\" controls=\"controls\"><source type=\"video\/mp4\" src=\"\/spots\/hir\/hir_180508_08.mp4?_=1\" \/><a href=\"\/spots\/hir\/hir_180508_08.mp4\">\/spots\/hir\/hir_180508_08.mp4<\/a><\/video><\/div><\/p>\n","protected":false},"excerpt":{"rendered":"<p>\u00c1der J\u00e1nos k\u00f6zt\u00e1rsas\u00e1gi eln\u00f6k nyitotta meg az alakul\u00f3 Orsz\u00e1ggy\u0171l\u00e9st, majd el\u00e9nekelt\u00e9k a Himnuszt. Ezt k\u00f6vet\u0151en az \u00e1llamf\u0151 bejelentette, hogy 199 k\u00e9pvisel\u0151 \u00e9s 12 nemzetis\u00e9gi sz\u00f3sz\u00f3l\u00f3 ny\u00fajtotta be megb\u00edz\u00f3level\u00e9t. Az alakul\u00f3 \u00fcl\u00e9st a koreln\u00f6k, a 82 \u00e9ves Turi-Kov\u00e1cs B\u00e9la vezette le. A mand\u00e1tumvizsg\u00e1lat mindenki megb\u00edz\u00f3level\u00e9t szab\u00e1lyszer\u0171nek tal\u00e1lta. Ezut\u00e1n a parlament &#8211; 189 igen szavazattal, egyhang\u00falag &#8211; [&hellip;]<\/p>\n","protected":false},"author":2,"featured_media":0,"comment_status":"closed","ping_status":"closed","sticky":false,"template":"","format":"standard","meta":[],"categories":[9],"tags":[],"_links":{"self":[{"href":"http:\/\/archiv.szolnoktv.hu\/index.php?rest_route=\/wp\/v2\/posts\/8988"}],"collection":[{"href":"http:\/\/archiv.szolnoktv.hu\/index.php?rest_route=\/wp\/v2\/posts"}],"about":[{"href":"http:\/\/archiv.szolnoktv.hu\/index.php?rest_route=\/wp\/v2\/types\/post"}],"author":[{"embeddable":true,"href":"http:\/\/archiv.szolnoktv.hu\/index.php?rest_route=\/wp\/v2\/users\/2"}],"replies":[{"embeddable":true,"href":"http:\/\/archiv.szolnoktv.hu\/index.php?rest_route=%2Fwp%2Fv2%2Fcomments&post=8988"}],"version-history":[{"count":1,"href":"http:\/\/archiv.szolnoktv.hu\/index.php?rest_route=\/wp\/v2\/posts\/8988\/revisions"}],"predecessor-version":[{"id":9107,"href":"http:\/\/archiv.szolnoktv.hu\/index.php?rest_route=\/wp\/v2\/posts\/8988\/revisions\/9107"}],"wp:attachment":[{"href":"http:\/\/archiv.szolnoktv.hu\/index.php?rest_route=%2Fwp%2Fv2%2Fmedia&parent=8988"}],"wp:term":[{"taxonomy":"category","embeddable":true,"href":"http:\/\/archiv.szolnoktv.hu\/index.php?rest_route=%2Fwp%2Fv2%2Fcategories&post=8988"},{"taxonomy":"post_tag","embeddable":true,"href":"http:\/\/archiv.szolnoktv.hu\/index.php?rest_route=%2Fwp%2Fv2%2Ftags&post=8988"}],"curies":[{"name":"wp","href":"https:\/\/api.w.org\/{rel}","templated":true}]}}