{"id":8896,"date":"2018-05-08T16:09:26","date_gmt":"2018-05-08T16:09:26","guid":{"rendered":"http:\/\/archiv.szolnoktv.hu\/?p=8896"},"modified":"2021-08-14T14:01:23","modified_gmt":"2021-08-14T14:01:23","slug":"biztonsagos-kerekparos-kozlekedes","status":"publish","type":"post","link":"http:\/\/archiv.szolnoktv.hu\/?p=8896","title":{"rendered":"Biztons\u00e1gos ker\u00e9kp\u00e1ros k\u00f6zleked\u00e9s"},"content":{"rendered":"<div class='booster-block booster-read-block'><\/div><p>Az \u00f6nkorm\u00e1nyzat nem csak ker\u00e9kp\u00e1r\u00fat \u00e9p\u00edt\u00e9sre, hanem szeml\u00e9letform\u00e1l\u00e1st seg\u00edt\u0151 programokra is jelent\u0151s \u00f6sszeget ford\u00edtott. Ennek c\u00e9lja, hogy az aut\u00f3sok, ker\u00e9kp\u00e1rosok \u00e9s gyalogosok k\u00f6nnyebben tudjanak egym\u00e1shoz alkalmazkodni. A rend\u0151rs\u00e9gi kimutat\u00e1s szerint m\u00e9g mindig sok a ker\u00e9kp\u00e1ros baleset, ami a szab\u00e1lyok betart\u00e1s\u00e1val megel\u0151zhet\u0151 volna.<\/p>\n<p>-Nagyon fontos, hogy \u00fattesten k\u00f6zlekedve, a kanyarod\u00e1si szab\u00e1lyok  &#8211;   mivel ebb\u0151l t\u00f6bb hal\u00e1los kimenetel\u0171 baleset is t\u00f6rt\u00e9nt- az ir\u00e1nyjelz\u00e9s fontoss\u00e1ga. Teh\u00e1t, hogy az id\u0151ben t\u00f6rt\u00e9njen meg \u00e9s  a karunkat teljes eg\u00e9sz\u00e9ben kiny\u00fajtva jelezz\u00fck, hogy melyik ir\u00e1nyba szeretn\u00e9nk kanyarodni \u00e9s nem csak akkor m\u00e1r, amikor kanyarodunk, hanem j\u00f3val kor\u00e1bban. Ez a gyermekekre \u00e9s feln\u0151ttekre egyar\u00e1nt nagyon fontos szab\u00e1ly&#8221; -nyilatkozta D\u00e1vid M\u00f3nika rend\u0151r \u0151rnagy, a JNSZ Megyei Balesetmegel\u0151z\u00e9si Bizotts\u00e1g titk\u00e1ra.<\/p>\n<p>A ker\u00e9kp\u00e1rutakon oda kell figyelni a k\u00f6vet\u00e9si t\u00e1vols\u00e1gra, hiszen b\u00e1rmikor el\u0151fordulhat, hogy v\u00e1ratlanul meg kell \u00e1llni. Az aut\u00f3busz meg\u00e1ll\u00f3helyekn\u00e9l a le-\u00e9s felsz\u00e1ll\u00f3 gyalogosokra is \u00fcgyelni kell. Nagyon fontos k\u00e9rd\u00e9s az \u00fatkeresztez\u0151d\u00e9sekben az \u00e1thalad\u00e1s, hiszen el\u00e9g sok helyen el\u0151fordul, hogy kijel\u00f6lt gyalogos-\u00e1tkel\u0151helyek ment\u00e9n van f\u00f6lfestve a ker\u00e9kp\u00e1r\u00fat folytat\u00e1sa.<\/p>\n<p>-Nagyon fontos szab\u00e1ly, \u00e9s ezt soha nem el\u00e9g ism\u00e9telni, hogy mindenki tudja: azoknak az utak ment\u00e9n l\u00e9v\u0151 ker\u00e9kp\u00e1r\u00faton, ami egy\u00e9bk\u00e9nt is v\u00e9dett \u00fat &#8211; p\u00e9ld\u00e1ul, ahol most is \u00e1llunk  &#8211;   p\u00e9ld\u00e1ul a Baross \u00fat ment\u00e9n l\u00e9v\u0151 ker\u00e9kp\u00e1r\u00faton, ott a ker\u00e9kp\u00e1rosoknak, ugye a v\u00e9dett \u00fat ment\u00e9n szint\u00e9n els\u0151bbs\u00e9g\u00fck van. Az als\u00f3bbrend\u0171 becsatlakoz\u00f3 \u00faton k\u00f6zleked\u0151 g\u00e9pkocsivezet\u0151knek, illetve ker\u00e9kp\u00e1rosoknak r\u00e9sz\u00fckre els\u0151bbs\u00e9get kell adni. Viszont, az\u00e9rt a k\u00f6r\u00fcltekint\u00e9s \u00e9s az \u00f3vatos megk\u00f6zel\u00edt\u00e9s az minden esetben nagyon fontos. De arra szeretn\u00e9k k\u00e9rni mindenkit, aki a v\u00e9dett \u00faton l\u00e9v\u0151 ker\u00e9kp\u00e1r\u00faton halad, hogy akkor is minden \u00fatkeresztez\u0151d\u00e9st \u00fagy k\u00f6zel\u00edtsen meg, hogy lass\u00edtson a temp\u00f3j\u00e1n, n\u00e9zzen k\u00f6r\u00fcl.&#8221;<\/p>\n<p>A biztons\u00e1gos k\u00f6zleked\u00e9shez elengedhetetlen a l\u00e1that\u00f3s\u00e1g, a j\u00e1rm\u0171 hi\u00e1nytalan felszerelts\u00e9ge \u00e9s a t\u00f6k\u00e9letesen m\u0171k\u00f6d\u0151 f\u00e9krendszer. Ker\u00e9kp\u00e1rral, csakis a kijel\u00f6lt ker\u00e9kp\u00e1r\u00faton szabad k\u00f6zlekedni, gyalog\u00faton tilos. Abban az esetben, ha nincs kijel\u00f6lt s\u00e1v a k\u00f6z\u00faton: a jobbra tart\u00e1si szab\u00e1lynak megfelel\u0151en az \u00fat jobb sz\u00e9l\u00e9n kell k\u00f6zlekedni. Csoportosan csakis egym\u00e1s m\u00f6g\u00f6tt szabad haladni \u00e9s 12 \u00e9ven aluli szem\u00e9ly nem k\u00f6zlekedhet ker\u00e9kp\u00e1rral f\u0151\u00fatvonalon. A rend\u0151rs\u00e9g illet\u00e9kes\u00e9t\u0151l megtudtuk azt is, hogy a Tisza-parton l\u00e9v\u0151 bicikli\u00faton seg\u00e9dmotoros-ker\u00e9kp\u00e1rral tilos k\u00f6zlekedni.<\/p>\n<div style=\"width: 640px;\" class=\"wp-video\"><!--[if lt IE 9]><script>document.createElement('video');<\/script><![endif]-->\n<video class=\"wp-video-shortcode\" id=\"video-8896-1\" width=\"640\" height=\"360\" preload=\"metadata\" controls=\"controls\"><source type=\"video\/mp4\" src=\"\/spots\/hir\/hir_180508_07.mp4?_=1\" \/><a href=\"\/spots\/hir\/hir_180508_07.mp4\">\/spots\/hir\/hir_180508_07.mp4<\/a><\/video><\/div>\n","protected":false},"excerpt":{"rendered":"<p>Az \u00f6nkorm\u00e1nyzat nem csak ker\u00e9kp\u00e1r\u00fat \u00e9p\u00edt\u00e9sre, hanem szeml\u00e9letform\u00e1l\u00e1st seg\u00edt\u0151 programokra is jelent\u0151s \u00f6sszeget ford\u00edtott. Ennek c\u00e9lja, hogy az aut\u00f3sok, ker\u00e9kp\u00e1rosok \u00e9s gyalogosok k\u00f6nnyebben tudjanak egym\u00e1shoz alkalmazkodni. A rend\u0151rs\u00e9gi kimutat\u00e1s szerint m\u00e9g mindig sok a ker\u00e9kp\u00e1ros baleset, ami a szab\u00e1lyok betart\u00e1s\u00e1val megel\u0151zhet\u0151 volna. -Nagyon fontos, hogy \u00fattesten k\u00f6zlekedve, a kanyarod\u00e1si szab\u00e1lyok &#8211; mivel ebb\u0151l t\u00f6bb hal\u00e1los [&hellip;]<\/p>\n","protected":false},"author":2,"featured_media":0,"comment_status":"closed","ping_status":"closed","sticky":false,"template":"","format":"standard","meta":[],"categories":[9],"tags":[],"_links":{"self":[{"href":"http:\/\/archiv.szolnoktv.hu\/index.php?rest_route=\/wp\/v2\/posts\/8896"}],"collection":[{"href":"http:\/\/archiv.szolnoktv.hu\/index.php?rest_route=\/wp\/v2\/posts"}],"about":[{"href":"http:\/\/archiv.szolnoktv.hu\/index.php?rest_route=\/wp\/v2\/types\/post"}],"author":[{"embeddable":true,"href":"http:\/\/archiv.szolnoktv.hu\/index.php?rest_route=\/wp\/v2\/users\/2"}],"replies":[{"embeddable":true,"href":"http:\/\/archiv.szolnoktv.hu\/index.php?rest_route=%2Fwp%2Fv2%2Fcomments&post=8896"}],"version-history":[{"count":1,"href":"http:\/\/archiv.szolnoktv.hu\/index.php?rest_route=\/wp\/v2\/posts\/8896\/revisions"}],"predecessor-version":[{"id":8897,"href":"http:\/\/archiv.szolnoktv.hu\/index.php?rest_route=\/wp\/v2\/posts\/8896\/revisions\/8897"}],"wp:attachment":[{"href":"http:\/\/archiv.szolnoktv.hu\/index.php?rest_route=%2Fwp%2Fv2%2Fmedia&parent=8896"}],"wp:term":[{"taxonomy":"category","embeddable":true,"href":"http:\/\/archiv.szolnoktv.hu\/index.php?rest_route=%2Fwp%2Fv2%2Fcategories&post=8896"},{"taxonomy":"post_tag","embeddable":true,"href":"http:\/\/archiv.szolnoktv.hu\/index.php?rest_route=%2Fwp%2Fv2%2Ftags&post=8896"}],"curies":[{"name":"wp","href":"https:\/\/api.w.org\/{rel}","templated":true}]}}