{"id":8895,"date":"2018-05-08T15:59:00","date_gmt":"2018-05-08T15:59:00","guid":{"rendered":"http:\/\/archiv.szolnoktv.hu\/?p=8895"},"modified":"2021-08-14T14:01:23","modified_gmt":"2021-08-14T14:01:23","slug":"verebes-gyorgy-kiallitasa-budapesten","status":"publish","type":"post","link":"http:\/\/archiv.szolnoktv.hu\/?p=8895","title":{"rendered":"Verebes Gy\u00f6rgy ki\u00e1ll\u00edt\u00e1sa Budapesten"},"content":{"rendered":"<div class='booster-block booster-read-block'><\/div><p>Verebes Gy\u00f6rgy Munk\u00e1csy Mih\u00e1ly-d\u00edjas fest\u0151- \u00e9s grafikusm\u0171v\u00e9sz, a Szolnoki M\u0171v\u00e9sztelep vezet\u0151j\u00e9nek munk\u00e1ib\u00f3l ny\u00edlt ki\u00e1ll\u00edt\u00e1s a J\u00f3zsefv\u00e1rosi Gal\u00e9ri\u00e1ban. A t\u00e1rlatot L\u00e9vai Anik\u00f3 nyitotta meg.   Orb\u00e1n Viktor minisztereln\u00f6k feles\u00e9ge besz\u00e9d\u00e9ben kiemelte, hogy Szolnok \u00e9s a m\u0171v\u00e9sztelep ma m\u00e1r olyan megbonthatatlan egys\u00e9get alkotnak, hogy egyik sem l\u00e9tezne a m\u00e1sik n\u00e9lk\u00fcl. <\/p>\n<p>-Ha pedig Szolnok, ha pedig M\u0171v\u00e9sztelep, akkor Verebes Gy\u00f6rgy. Tisztelt M\u0171v\u00e9sz \u00far! Egyszer egy interj\u00faban, amit \u00d6n adott azt nyilatkozta, \u00fagy fogalmazott: hogy -el\u00e9g agyas fick\u00f3 vagyok&#8221;. Nek\u00fcnk pedig ezzel szerencs\u00e9nk van, v\u00e9gign\u00e9zve a m\u0171veket is, hiszen a m\u0171vei is azok. Kigondoltak, de nem t\u00falgondoltak. Gondolatokat \u00e9bresztenek, de nem gondolatokat er\u0151ltetnek r\u00e1nk. &#8211; &#8211; mondta L\u00e9vai Anik\u00f3. <\/p>\n<p>Verebes Ern\u0151 \u00edr\u00f3, zeneszerz\u0151 , a fest\u0151m\u0171v\u00e9sz testv\u00e9re szint\u00e9n r\u00e9szt vett a t\u00e1rlat megnyit\u00f3j\u00e1n. Nem v\u00e9letlen\u00fcl, hiszen a ki\u00e1ll\u00edt\u00e1s \u00e9desapjuknak DR. Verebes Ern\u0151 seb\u00e9sz f\u0151orvosnak \u00e1ll\u00edt eml\u00e9ket, aki tavaly decemberben hunyt el. <\/p>\n<p> -Az \u00e9desapjuk aki seb\u00e9sz, aki a k\u00e9z orvosa, azt is mondhatn\u00e1nk erre a ki\u00e1ll\u00edt\u00e1sra, hogy a k\u00e9z apote\u00f3zisa. A k\u00e9z felmagasztosul\u00e1sa. \u00c9s valamilyen m\u00f3don itt van id\u0151sebb doktor Verebes is.&#8221; &#8211; -fogalmazott Feledy Bal\u00e1zs, m\u0171v\u00e9szeti \u00edr\u00f3. <\/p>\n<p> Verebes Gy\u00f6rgy ki\u00e1ll\u00edt\u00e1sa m\u00e1jus 29-ig tekinthet\u0151 meg a J\u00f3zsefv\u00e1rosi Gal\u00e9ri\u00e1ban. <\/p>\n<div style=\"width: 640px;\" class=\"wp-video\"><!--[if lt IE 9]><script>document.createElement('video');<\/script><![endif]-->\n<video class=\"wp-video-shortcode\" id=\"video-8895-1\" width=\"640\" height=\"360\" preload=\"metadata\" controls=\"controls\"><source type=\"video\/mp4\" src=\"\/spots\/hir\/hir_180508_06.mp4?_=1\" \/><a href=\"\/spots\/hir\/hir_180508_06.mp4\">\/spots\/hir\/hir_180508_06.mp4<\/a><\/video><\/div>\n","protected":false},"excerpt":{"rendered":"<p>Verebes Gy\u00f6rgy Munk\u00e1csy Mih\u00e1ly-d\u00edjas fest\u0151- \u00e9s grafikusm\u0171v\u00e9sz, a Szolnoki M\u0171v\u00e9sztelep vezet\u0151j\u00e9nek munk\u00e1ib\u00f3l ny\u00edlt ki\u00e1ll\u00edt\u00e1s a J\u00f3zsefv\u00e1rosi Gal\u00e9ri\u00e1ban. A t\u00e1rlatot L\u00e9vai Anik\u00f3 nyitotta meg. Orb\u00e1n Viktor minisztereln\u00f6k feles\u00e9ge besz\u00e9d\u00e9ben kiemelte, hogy Szolnok \u00e9s a m\u0171v\u00e9sztelep ma m\u00e1r olyan megbonthatatlan egys\u00e9get alkotnak, hogy egyik sem l\u00e9tezne a m\u00e1sik n\u00e9lk\u00fcl. -Ha pedig Szolnok, ha pedig M\u0171v\u00e9sztelep, akkor Verebes [&hellip;]<\/p>\n","protected":false},"author":2,"featured_media":0,"comment_status":"closed","ping_status":"closed","sticky":false,"template":"","format":"standard","meta":[],"categories":[9],"tags":[],"_links":{"self":[{"href":"http:\/\/archiv.szolnoktv.hu\/index.php?rest_route=\/wp\/v2\/posts\/8895"}],"collection":[{"href":"http:\/\/archiv.szolnoktv.hu\/index.php?rest_route=\/wp\/v2\/posts"}],"about":[{"href":"http:\/\/archiv.szolnoktv.hu\/index.php?rest_route=\/wp\/v2\/types\/post"}],"author":[{"embeddable":true,"href":"http:\/\/archiv.szolnoktv.hu\/index.php?rest_route=\/wp\/v2\/users\/2"}],"replies":[{"embeddable":true,"href":"http:\/\/archiv.szolnoktv.hu\/index.php?rest_route=%2Fwp%2Fv2%2Fcomments&post=8895"}],"version-history":[{"count":1,"href":"http:\/\/archiv.szolnoktv.hu\/index.php?rest_route=\/wp\/v2\/posts\/8895\/revisions"}],"predecessor-version":[{"id":8898,"href":"http:\/\/archiv.szolnoktv.hu\/index.php?rest_route=\/wp\/v2\/posts\/8895\/revisions\/8898"}],"wp:attachment":[{"href":"http:\/\/archiv.szolnoktv.hu\/index.php?rest_route=%2Fwp%2Fv2%2Fmedia&parent=8895"}],"wp:term":[{"taxonomy":"category","embeddable":true,"href":"http:\/\/archiv.szolnoktv.hu\/index.php?rest_route=%2Fwp%2Fv2%2Fcategories&post=8895"},{"taxonomy":"post_tag","embeddable":true,"href":"http:\/\/archiv.szolnoktv.hu\/index.php?rest_route=%2Fwp%2Fv2%2Ftags&post=8895"}],"curies":[{"name":"wp","href":"https:\/\/api.w.org\/{rel}","templated":true}]}}