{"id":8894,"date":"2018-05-08T15:37:58","date_gmt":"2018-05-08T15:37:58","guid":{"rendered":"http:\/\/archiv.szolnoktv.hu\/?p=8894"},"modified":"2021-08-14T14:01:24","modified_gmt":"2021-08-14T14:01:24","slug":"kihelyezik-a-kandelaberviragokat","status":"publish","type":"post","link":"http:\/\/archiv.szolnoktv.hu\/?p=8894","title":{"rendered":"Kihelyezik a kandel\u00e1bervir\u00e1gokat"},"content":{"rendered":"<div class='booster-block booster-read-block'><\/div><p>Az \u00f6nkorm\u00e1nyzat id\u00e9n 560 ed\u00e9ny kihelyez\u00e9s\u00e9t rendelte meg a &#8220;Munkalehet\u0151s\u00e9g a J\u00f6v\u0151\u00e9rt&#8221; Szolnok Nonprofit \u00e9s K\u00f6zhaszn\u00fa Kft. &#8211; t\u0151l.<\/p>\n<p>><br \/>><br \/>&#8220;Ezek musk\u00e1tlik, fut\u00f3musk\u00e1tlik. Gy\u00f6ny\u00f6r\u0171s\u00e9gesen bebor\u00edtja \u00e9s t\u00e1poldatozzuk hetente legal\u00e1bb egyszer. Az\u00e9rt szokott olyan sz\u00e9p lenni..&#8221;- tudtuk meg Fodor Gy\u00f6rgy \u00fcgyvezet\u0151 igazgat\u00f3t\u00f3l.<\/p>\n<p>><br \/>><br \/>A vir\u00e1gok heteken bel\u00fcl bebokrosodnak \u00e9s eg\u00e9szen \u0151sz v\u00e9g\u00e9ig a k\u00f6zter\u00fcleteken maradnak. A V\u00e1rkonyi t\u00e9ri fel\u00faj\u00edt\u00e1s el\u0151tt \u00e1ll\u00f3 Zagyva h\u00eddra sz\u00e1nt ed\u00e9nyeket a v\u00e1ros m\u00e1s pontjain helyezik ki. B\u00e1r a n\u00f6v\u00e9nyek el\u00e9g magasan vannak, minden \u00e9vben t\u00f6rt\u00e9nik k\u00e1rokoz\u00e1s. Kiverik, \u00f6sszet\u00f6rik az ed\u00e9nyeket.<\/p>\n<p>><br \/>><br \/>&#8220;Ez \u00e9rt\u00e9k. Mint minden olyan k\u00f6zter\u00fcleti beruh\u00e1z\u00e1s amit Szolnok v\u00e1ros finansz\u00edroz m\u00e9lt\u00f3 arra, hogy a v\u00e1ros lakoss\u00e1ga megbecs\u00fclje, \u00e9lvezze a sz\u00e9ps\u00e9g\u00e9t \u00e9s vigy\u00e1zzon r\u00e1.&#8221;<\/p>\n<p>><br \/>><br \/>A z\u00f6ld munk\u00e1k egy h\u00e9t m\u00falva az \u00e1gy\u00e1sok be\u00fcltet\u00e9s\u00e9vel folytat\u00f3dnak. Id\u00e9n csaknem 40 ezer vir\u00e1gpal\u00e1nt\u00e1t helyeznek majd ki v\u00e1rosszerte az el\u0151k\u00e9sz\u00edtett parcell\u00e1kba.<\/p>\n<div style=\"width: 640px;\" class=\"wp-video\"><!--[if lt IE 9]><script>document.createElement('video');<\/script><![endif]-->\n<video class=\"wp-video-shortcode\" id=\"video-8894-1\" width=\"640\" height=\"360\" preload=\"metadata\" controls=\"controls\"><source type=\"video\/mp4\" src=\"\/spots\/hir\/hir_180508_04.mp4?_=1\" \/><a href=\"\/spots\/hir\/hir_180508_04.mp4\">\/spots\/hir\/hir_180508_04.mp4<\/a><\/video><\/div>\n","protected":false},"excerpt":{"rendered":"<p>Az \u00f6nkorm\u00e1nyzat id\u00e9n 560 ed\u00e9ny kihelyez\u00e9s\u00e9t rendelte meg a &#8220;Munkalehet\u0151s\u00e9g a J\u00f6v\u0151\u00e9rt&#8221; Szolnok Nonprofit \u00e9s K\u00f6zhaszn\u00fa Kft. &#8211; t\u0151l. >>&#8220;Ezek musk\u00e1tlik, fut\u00f3musk\u00e1tlik. Gy\u00f6ny\u00f6r\u0171s\u00e9gesen bebor\u00edtja \u00e9s t\u00e1poldatozzuk hetente legal\u00e1bb egyszer. Az\u00e9rt szokott olyan sz\u00e9p lenni..&#8221;- tudtuk meg Fodor Gy\u00f6rgy \u00fcgyvezet\u0151 igazgat\u00f3t\u00f3l. >>A vir\u00e1gok heteken bel\u00fcl bebokrosodnak \u00e9s eg\u00e9szen \u0151sz v\u00e9g\u00e9ig a k\u00f6zter\u00fcleteken maradnak. A V\u00e1rkonyi t\u00e9ri [&hellip;]<\/p>\n","protected":false},"author":2,"featured_media":0,"comment_status":"closed","ping_status":"closed","sticky":false,"template":"","format":"standard","meta":[],"categories":[9],"tags":[],"_links":{"self":[{"href":"http:\/\/archiv.szolnoktv.hu\/index.php?rest_route=\/wp\/v2\/posts\/8894"}],"collection":[{"href":"http:\/\/archiv.szolnoktv.hu\/index.php?rest_route=\/wp\/v2\/posts"}],"about":[{"href":"http:\/\/archiv.szolnoktv.hu\/index.php?rest_route=\/wp\/v2\/types\/post"}],"author":[{"embeddable":true,"href":"http:\/\/archiv.szolnoktv.hu\/index.php?rest_route=\/wp\/v2\/users\/2"}],"replies":[{"embeddable":true,"href":"http:\/\/archiv.szolnoktv.hu\/index.php?rest_route=%2Fwp%2Fv2%2Fcomments&post=8894"}],"version-history":[{"count":1,"href":"http:\/\/archiv.szolnoktv.hu\/index.php?rest_route=\/wp\/v2\/posts\/8894\/revisions"}],"predecessor-version":[{"id":8899,"href":"http:\/\/archiv.szolnoktv.hu\/index.php?rest_route=\/wp\/v2\/posts\/8894\/revisions\/8899"}],"wp:attachment":[{"href":"http:\/\/archiv.szolnoktv.hu\/index.php?rest_route=%2Fwp%2Fv2%2Fmedia&parent=8894"}],"wp:term":[{"taxonomy":"category","embeddable":true,"href":"http:\/\/archiv.szolnoktv.hu\/index.php?rest_route=%2Fwp%2Fv2%2Fcategories&post=8894"},{"taxonomy":"post_tag","embeddable":true,"href":"http:\/\/archiv.szolnoktv.hu\/index.php?rest_route=%2Fwp%2Fv2%2Ftags&post=8894"}],"curies":[{"name":"wp","href":"https:\/\/api.w.org\/{rel}","templated":true}]}}