{"id":8892,"date":"2018-05-08T14:24:29","date_gmt":"2018-05-08T14:24:29","guid":{"rendered":"http:\/\/archiv.szolnoktv.hu\/?p=8892"},"modified":"2021-08-14T14:01:24","modified_gmt":"2021-08-14T14:01:24","slug":"csorgolabda-nepszerusito-program","status":"publish","type":"post","link":"http:\/\/archiv.szolnoktv.hu\/?p=8892","title":{"rendered":"Cs\u00f6rg\u0151labda n\u00e9pszer\u0171s\u00edt\u0151 program"},"content":{"rendered":"<div class='booster-block booster-read-block'><\/div><p>A speci\u00e1lis labdaj\u00e1t\u00e9kot a II. Vil\u00e1gh\u00e1bor\u00fa rokkant veter\u00e1njai j\u00e1tszott\u00e1k el\u0151sz\u00f6r. A labd\u00e1ban elhelyezett cs\u00f6rg\u0151k keltette hang ir\u00e1ny\u00e1ba vet\u0151d\u0151 j\u00e1t\u00e9kosok arra \u00fcgyelnek- \u00e1t ne guruljon v\u00e9delm\u00fck\u00f6n a labda. A cs\u00f6rg\u0151labda ma a vak- \u00e9s l\u00e1t\u00e1ss\u00e9r\u00fclt emberek egyik legn\u00e9pszer\u0171bb sporttev\u00e9kenys\u00e9ge, amit egy roadshow keret\u00e9ben az \u00f6t kiv\u00e1lasztott megyesz\u00e9khely k\u00f6z\u00fcl ,ma Szolnokon n\u00e9pszer\u0171s\u00edtett a ny\u00edregyh\u00e1zi Feh\u00e9rbot Sportegyes\u00fclet eln\u00f6ke Csonka Ferenc. <\/p>\n<p>&#8220;Szeretn\u00e9nk k\u00f6zel vinni ezeken a megyesz\u00e9khelyeken a k\u00f6znevel\u00e9si int\u00e9zm\u00e9nyekben tanul\u00f3k sz\u00e1m\u00e1ra, a fels\u0151fok\u00fa oktat\u00e1si int\u00e9zm\u00e9nyben tanul\u00f3k sz\u00e1m\u00e1ra \u00e9s a civil szervezetek sz\u00e1m\u00e1ra. Azok sz\u00e1m\u00e1ra akik a fogyat\u00e9koss\u00e1ggal \u00e9l\u0151 emberek \u00e9rdekk\u00e9pviselet\u00e9t l\u00e1tj\u00e1k el.&#8221;<\/p>\n<p>Szolnok mellett Debrecenben, Ny\u00edregyh\u00e1z\u00e1n, Miskolcon \u00e9s Egerben tartanak sport\u00e1gn\u00e9pszer\u0171s\u00edt\u0151 bemutat\u00f3kat. Tal\u00e1n kevesen tudj\u00e1k, hogy cs\u00f6rg\u0151labda sport\u00e1gban m\u00e1r hazai bajnoki fordul\u00f3t is rendeznek.<\/p>\n<p>&#8220;A cs\u00f6rg\u0151labda sport\u00e1gban a szak\u00e1gi k\u00e9pviseletet a Magyar K\u00e9zilabda Sz\u00f6vets\u00e9g l\u00e1tja el \u00e9s a sportfinansz\u00edroz\u00e1s \u00e9rtelm\u00e9ben a TAO t\u00e1mogat\u00e1s is megjelenik a l\u00e1t\u00e1ss\u00e9r\u00fcltek sportj\u00e1ra.&#8221;<\/p>\n<p>A vakfocit \u00e9s a cs\u00f6rg\u0151labd\u00e1t ma h\u00e1rom szolnoki iskol\u00e1ban mutatt\u00e1k be. A k\u00f6vetkez\u0151 k\u00e9t \u00e9vben eur\u00f3pai t\u00e1rsfinansz\u00edroz\u00e1sban az \u00c9szak- Alf\u00f6ld\u00f6n \u00e9s az \u00c9szak- magyarorsz\u00e1gi R\u00e9gi\u00f3ban kamp\u00e1nyt ind\u00edtanak a szab\u00e1lyok \u00e9s lehet\u0151s\u00e9gek megismertet\u00e9s\u00e9re- \u00edgy tal\u00e1n nemsok\u00e1ra nemzetk\u00f6zi szinten is jegyezni fogj\u00e1k majd haz\u00e1nkat az eml\u00edtett sport\u00e1gakban.<\/p>\n<div style=\"width: 640px;\" class=\"wp-video\"><!--[if lt IE 9]><script>document.createElement('video');<\/script><![endif]-->\n<video class=\"wp-video-shortcode\" id=\"video-8892-1\" width=\"640\" height=\"360\" preload=\"metadata\" controls=\"controls\"><source type=\"video\/mp4\" src=\"\/spots\/hir\/hir_180508_02.mp4?_=1\" \/><a href=\"\/spots\/hir\/hir_180508_02.mp4\">\/spots\/hir\/hir_180508_02.mp4<\/a><\/video><\/div>\n","protected":false},"excerpt":{"rendered":"<p>A speci\u00e1lis labdaj\u00e1t\u00e9kot a II. Vil\u00e1gh\u00e1bor\u00fa rokkant veter\u00e1njai j\u00e1tszott\u00e1k el\u0151sz\u00f6r. A labd\u00e1ban elhelyezett cs\u00f6rg\u0151k keltette hang ir\u00e1ny\u00e1ba vet\u0151d\u0151 j\u00e1t\u00e9kosok arra \u00fcgyelnek- \u00e1t ne guruljon v\u00e9delm\u00fck\u00f6n a labda. A cs\u00f6rg\u0151labda ma a vak- \u00e9s l\u00e1t\u00e1ss\u00e9r\u00fclt emberek egyik legn\u00e9pszer\u0171bb sporttev\u00e9kenys\u00e9ge, amit egy roadshow keret\u00e9ben az \u00f6t kiv\u00e1lasztott megyesz\u00e9khely k\u00f6z\u00fcl ,ma Szolnokon n\u00e9pszer\u0171s\u00edtett a ny\u00edregyh\u00e1zi Feh\u00e9rbot Sportegyes\u00fclet eln\u00f6ke [&hellip;]<\/p>\n","protected":false},"author":2,"featured_media":0,"comment_status":"closed","ping_status":"closed","sticky":false,"template":"","format":"standard","meta":[],"categories":[9],"tags":[],"_links":{"self":[{"href":"http:\/\/archiv.szolnoktv.hu\/index.php?rest_route=\/wp\/v2\/posts\/8892"}],"collection":[{"href":"http:\/\/archiv.szolnoktv.hu\/index.php?rest_route=\/wp\/v2\/posts"}],"about":[{"href":"http:\/\/archiv.szolnoktv.hu\/index.php?rest_route=\/wp\/v2\/types\/post"}],"author":[{"embeddable":true,"href":"http:\/\/archiv.szolnoktv.hu\/index.php?rest_route=\/wp\/v2\/users\/2"}],"replies":[{"embeddable":true,"href":"http:\/\/archiv.szolnoktv.hu\/index.php?rest_route=%2Fwp%2Fv2%2Fcomments&post=8892"}],"version-history":[{"count":1,"href":"http:\/\/archiv.szolnoktv.hu\/index.php?rest_route=\/wp\/v2\/posts\/8892\/revisions"}],"predecessor-version":[{"id":8901,"href":"http:\/\/archiv.szolnoktv.hu\/index.php?rest_route=\/wp\/v2\/posts\/8892\/revisions\/8901"}],"wp:attachment":[{"href":"http:\/\/archiv.szolnoktv.hu\/index.php?rest_route=%2Fwp%2Fv2%2Fmedia&parent=8892"}],"wp:term":[{"taxonomy":"category","embeddable":true,"href":"http:\/\/archiv.szolnoktv.hu\/index.php?rest_route=%2Fwp%2Fv2%2Fcategories&post=8892"},{"taxonomy":"post_tag","embeddable":true,"href":"http:\/\/archiv.szolnoktv.hu\/index.php?rest_route=%2Fwp%2Fv2%2Ftags&post=8892"}],"curies":[{"name":"wp","href":"https:\/\/api.w.org\/{rel}","templated":true}]}}