{"id":8891,"date":"2018-05-08T14:22:42","date_gmt":"2018-05-08T14:22:42","guid":{"rendered":"http:\/\/archiv.szolnoktv.hu\/?p=8891"},"modified":"2021-08-14T14:01:24","modified_gmt":"2021-08-14T14:01:24","slug":"zenes-delutan-a-galeriaban","status":"publish","type":"post","link":"http:\/\/archiv.szolnoktv.hu\/?p=8891","title":{"rendered":"Zen\u00e9s d\u00e9lut\u00e1n a Gal\u00e9ri\u00e1ban"},"content":{"rendered":"<div class='booster-block booster-read-block'><\/div><p> Az \u00c1d\u00e1m Jen\u0151 Zeneiskola els\u0151 zen\u00e9s d\u00e9lut\u00e1nj\u00e1n a faf\u00fav\u00f3s tansz\u00e9k n\u00f6vend\u00e9kei mutatt\u00e1k be tehets\u00e9g\u00fcket. A Kis Faunok j\u00e1t\u00e9ka c\u00edmet kap\u00f3 koncerten t\u00f6bbek k\u00f6z\u00f6tt  Mozart, Bach , Vivaldi , Wagner zenem\u0171vei csend\u00fcltek fel. A gyerekek hetek \u00f3ta k\u00e9sz\u00fcltek a koncertre. <br \/>Az els\u0151 koncert \u00e9pp any\u00e1k napj\u00e1ra esett, \u00edgy az \u00fcnnep jegy\u00e9ben telt a koncert is. <\/p>\n<p>-Mai alkalommal any\u00e1k napj\u00e1ra fogunk egy kicsit eml\u00e9kezni. Az is a c\u00e9lunk, hogy minden ember fontosnak tartsa felk\u00f6sz\u00f6nteni az \u00e9desanyj\u00e1t, a sz\u00fcleit tisztelje a mai vil\u00e1gban is. C\u00e9lunk az is, hogy a zen\u00e9vel \u00f6r\u00f6met szerezhess\u00fcnk m\u00e1soknak.&#8221; -mondta  Vajna Katalin, igazgat\u00f3helyettes.<\/p>\n<p>A koncertsorozat eg\u00e9szen m\u00e1jus 27 -ig tart. Legk\u00f6zelebb a hangszerek kir\u00e1lyn\u0151j\u00e9vel, vagyis a zongor\u00e1val tal\u00e1lkozhatnak az \u00e9rdekl\u0151d\u0151k. Ezt k\u00f6vet\u0151en  \u00fct\u0151 \u00e9s elektronikus hangszerek koncertj\u00e9t hallgathatj\u00e1k meg, a sorozat z\u00e1r\u00e1sak\u00e9nt pedig a k\u00e9t j\u00f3 bar\u00e1t: vagyis a git\u00e1r \u00e9s \u00e9nek sz\u00f3rakoztatja a k\u00f6z\u00f6ns\u00e9get.<\/p>\n<div style=\"width: 640px;\" class=\"wp-video\"><!--[if lt IE 9]><script>document.createElement('video');<\/script><![endif]-->\n<video class=\"wp-video-shortcode\" id=\"video-8891-1\" width=\"640\" height=\"360\" preload=\"metadata\" controls=\"controls\"><source type=\"video\/mp4\" src=\"\/spots\/hir\/hir_180507_02.mp4?_=1\" \/><a href=\"\/spots\/hir\/hir_180507_02.mp4\">\/spots\/hir\/hir_180507_02.mp4<\/a><\/video><\/div>\n","protected":false},"excerpt":{"rendered":"<p>Az \u00c1d\u00e1m Jen\u0151 Zeneiskola els\u0151 zen\u00e9s d\u00e9lut\u00e1nj\u00e1n a faf\u00fav\u00f3s tansz\u00e9k n\u00f6vend\u00e9kei mutatt\u00e1k be tehets\u00e9g\u00fcket. A Kis Faunok j\u00e1t\u00e9ka c\u00edmet kap\u00f3 koncerten t\u00f6bbek k\u00f6z\u00f6tt Mozart, Bach , Vivaldi , Wagner zenem\u0171vei csend\u00fcltek fel. A gyerekek hetek \u00f3ta k\u00e9sz\u00fcltek a koncertre. Az els\u0151 koncert \u00e9pp any\u00e1k napj\u00e1ra esett, \u00edgy az \u00fcnnep jegy\u00e9ben telt a koncert is. -Mai [&hellip;]<\/p>\n","protected":false},"author":2,"featured_media":0,"comment_status":"closed","ping_status":"closed","sticky":false,"template":"","format":"standard","meta":[],"categories":[9],"tags":[],"_links":{"self":[{"href":"http:\/\/archiv.szolnoktv.hu\/index.php?rest_route=\/wp\/v2\/posts\/8891"}],"collection":[{"href":"http:\/\/archiv.szolnoktv.hu\/index.php?rest_route=\/wp\/v2\/posts"}],"about":[{"href":"http:\/\/archiv.szolnoktv.hu\/index.php?rest_route=\/wp\/v2\/types\/post"}],"author":[{"embeddable":true,"href":"http:\/\/archiv.szolnoktv.hu\/index.php?rest_route=\/wp\/v2\/users\/2"}],"replies":[{"embeddable":true,"href":"http:\/\/archiv.szolnoktv.hu\/index.php?rest_route=%2Fwp%2Fv2%2Fcomments&post=8891"}],"version-history":[{"count":1,"href":"http:\/\/archiv.szolnoktv.hu\/index.php?rest_route=\/wp\/v2\/posts\/8891\/revisions"}],"predecessor-version":[{"id":8902,"href":"http:\/\/archiv.szolnoktv.hu\/index.php?rest_route=\/wp\/v2\/posts\/8891\/revisions\/8902"}],"wp:attachment":[{"href":"http:\/\/archiv.szolnoktv.hu\/index.php?rest_route=%2Fwp%2Fv2%2Fmedia&parent=8891"}],"wp:term":[{"taxonomy":"category","embeddable":true,"href":"http:\/\/archiv.szolnoktv.hu\/index.php?rest_route=%2Fwp%2Fv2%2Fcategories&post=8891"},{"taxonomy":"post_tag","embeddable":true,"href":"http:\/\/archiv.szolnoktv.hu\/index.php?rest_route=%2Fwp%2Fv2%2Ftags&post=8891"}],"curies":[{"name":"wp","href":"https:\/\/api.w.org\/{rel}","templated":true}]}}