{"id":8890,"date":"2018-05-07T18:49:51","date_gmt":"2018-05-07T18:49:51","guid":{"rendered":"http:\/\/archiv.szolnoktv.hu\/?p=8890"},"modified":"2021-08-14T14:01:24","modified_gmt":"2021-08-14T14:01:24","slug":"tiszajenoi-lovoldozes","status":"publish","type":"post","link":"http:\/\/archiv.szolnoktv.hu\/?p=8890","title":{"rendered":"Tiszajen\u0151i l\u00f6v\u00f6ld\u00f6z\u00e9s"},"content":{"rendered":"<div class='booster-block booster-read-block'><\/div><p>Egy rend\u0151r \u00e9rkezett a helysz\u00ednre a f\u00e9rfi egyik rokon\u00e1val, akik megpr\u00f3b\u00e1lt\u00e1k lebesz\u00e9lni az \u00f6ngyilkoss\u00e1gr\u00f3l. Mindez nem hatott, a f\u00e9rfi \u00f6k\u00f6llel a rend\u0151r fel\u00e9 \u00fct\u00f6tt, de a rokont tal\u00e1lta el, majd r\u00e1t\u00e1madt a rend\u0151rre \u00e9s folyamatosan \u00fctlegelni, rugdosni kezdte. Ki\u00fct\u00f6tte a kez\u00e9b\u0151l a r\u00e1di\u00f3t, majd a gumibotot. A rend\u0151r el\u0151vette szolg\u00e1lati fegyver\u00e9t \u00e9s figyelmeztette a f\u00e9rfit, de a felb\u0151sz\u00fclt t\u00e1mad\u00f3 ett\u0151l sem riadt vissza.<br \/>\n<br \/>\n<div style=\"width: 640px;\" class=\"wp-video\"><!--[if lt IE 9]><script>document.createElement('video');<\/script><![endif]-->\n<video class=\"wp-video-shortcode\" id=\"video-8890-1\" width=\"640\" height=\"360\" preload=\"metadata\" controls=\"controls\"><source type=\"video\/mp4\" src=\"\/spots\/hir\/hir_180507_08.mp4?_=1\" \/><a href=\"\/spots\/hir\/hir_180507_08.mp4\">\/spots\/hir\/hir_180507_08.mp4<\/a><\/video><\/div><\/p>\n","protected":false},"excerpt":{"rendered":"<p>Egy rend\u0151r \u00e9rkezett a helysz\u00ednre a f\u00e9rfi egyik rokon\u00e1val, akik megpr\u00f3b\u00e1lt\u00e1k lebesz\u00e9lni az \u00f6ngyilkoss\u00e1gr\u00f3l. Mindez nem hatott, a f\u00e9rfi \u00f6k\u00f6llel a rend\u0151r fel\u00e9 \u00fct\u00f6tt, de a rokont tal\u00e1lta el, majd r\u00e1t\u00e1madt a rend\u0151rre \u00e9s folyamatosan \u00fctlegelni, rugdosni kezdte. Ki\u00fct\u00f6tte a kez\u00e9b\u0151l a r\u00e1di\u00f3t, majd a gumibotot. A rend\u0151r el\u0151vette szolg\u00e1lati fegyver\u00e9t \u00e9s figyelmeztette a f\u00e9rfit, [&hellip;]<\/p>\n","protected":false},"author":2,"featured_media":0,"comment_status":"closed","ping_status":"closed","sticky":false,"template":"","format":"standard","meta":[],"categories":[9],"tags":[],"_links":{"self":[{"href":"http:\/\/archiv.szolnoktv.hu\/index.php?rest_route=\/wp\/v2\/posts\/8890"}],"collection":[{"href":"http:\/\/archiv.szolnoktv.hu\/index.php?rest_route=\/wp\/v2\/posts"}],"about":[{"href":"http:\/\/archiv.szolnoktv.hu\/index.php?rest_route=\/wp\/v2\/types\/post"}],"author":[{"embeddable":true,"href":"http:\/\/archiv.szolnoktv.hu\/index.php?rest_route=\/wp\/v2\/users\/2"}],"replies":[{"embeddable":true,"href":"http:\/\/archiv.szolnoktv.hu\/index.php?rest_route=%2Fwp%2Fv2%2Fcomments&post=8890"}],"version-history":[{"count":1,"href":"http:\/\/archiv.szolnoktv.hu\/index.php?rest_route=\/wp\/v2\/posts\/8890\/revisions"}],"predecessor-version":[{"id":8903,"href":"http:\/\/archiv.szolnoktv.hu\/index.php?rest_route=\/wp\/v2\/posts\/8890\/revisions\/8903"}],"wp:attachment":[{"href":"http:\/\/archiv.szolnoktv.hu\/index.php?rest_route=%2Fwp%2Fv2%2Fmedia&parent=8890"}],"wp:term":[{"taxonomy":"category","embeddable":true,"href":"http:\/\/archiv.szolnoktv.hu\/index.php?rest_route=%2Fwp%2Fv2%2Fcategories&post=8890"},{"taxonomy":"post_tag","embeddable":true,"href":"http:\/\/archiv.szolnoktv.hu\/index.php?rest_route=%2Fwp%2Fv2%2Ftags&post=8890"}],"curies":[{"name":"wp","href":"https:\/\/api.w.org\/{rel}","templated":true}]}}