{"id":8889,"date":"2018-05-07T18:06:26","date_gmt":"2018-05-07T18:06:26","guid":{"rendered":"http:\/\/archiv.szolnoktv.hu\/?p=8889"},"modified":"2021-08-14T14:01:24","modified_gmt":"2021-08-14T14:01:24","slug":"tamfal-atadas","status":"publish","type":"post","link":"http:\/\/archiv.szolnoktv.hu\/?p=8889","title":{"rendered":"T\u00e1mfal \u00e1tad\u00e1s"},"content":{"rendered":"<div class='booster-block booster-read-block'><\/div><p>Miut\u00e1n befejez\u0151d\u00f6tt a Tisza-parti t\u00e1mfal fest\u00e9se, azonnal a selfie-z\u0151k kedvelt c\u00e9lpontja lett. Az elm\u00falt hetekben a k\u00f6z\u00f6ss\u00e9gi oldalon sz\u00e1z\u00e1val jelentek meg az itt k\u00e9sz\u00fclt f\u00e9nyk\u00e9pek. A Magiszter F\u00e9nyes Adolf Szolnoki Gimn\u00e1ziuma \u00e9s M\u0171v\u00e9szeti Szakgimn\u00e1ziuma tanul\u00f3i, a fest\u00e9s ir\u00e1ny\u00edt\u00f3 pedag\u00f3gus \u00e9s az iskola igazgat\u00f3ja megmutatta a k\u00e9sz m\u0171vet a polg\u00e1rmesternek.<br \/>Az \u00f6tlet a K\u00f6z\u00e9p-Tisza Vid\u00e9ki V\u00edz\u00fcgyi Igazgat\u00f3s\u00e1gt\u00f3l sz\u00e1rmazott.<br \/>A szolnoki t\u00e1mfal megval\u00f3sul\u00e1sakor c\u00e9l volt, hogy ne csak j\u00f3 legyen, hanem sz\u00e9p is. Olyan m\u00e9rn\u00f6ki alkot\u00e1s j\u00f6tt l\u00e9tre, ami sz\u00e9p is, \u00e9s aa c\u00e9l volt, hogy a v\u00e1ros is mag\u00e1\u00e9nak \u00e9rezze.&#8221; -mondta LOVAS ATTILA a K\u00d6TIVIZIG igazgat\u00f3ja<br \/>A gyerekek h\u00f3napokon \u00e1t tervezt\u00e9k, majd egy h\u00e9t alatt meg is festett\u00e9k a k\u00e9peket.<br \/>&#8220;Neh\u00e9zs\u00e9get az id\u0151j\u00e1r\u00e1s okozott, de az es\u0151 csak a v\u00e9g\u00e9n esett, azt\u00e1n a h\u0151s\u00e9g volt a nagy, j\u00f3 volt egy\u00fctt dolgozni, \u00e9s megismerni egym\u00e1st.&#8221; -mondta  LENGYEL REN\u00c1TA.<br \/>&#8220;Nagyon \u00f6r\u00fclt\u00fcnk, mert lett volna egy t\u00e1bor is, mert a t\u00e1bor le\u00e9gett, ezzel helyettes\u00edtett\u00fck a fest\u00e9st, \u00f6r\u00fclt\u00fcnk, hogy min\u0151s\u00e9gi fest\u00e9kkel dolgozhattunk.&#8221; -mondta B\u00cdR\u00d3 M\u00d3NIKA.<br \/>A munka ezzel nem fejez\u0151d\u00f6tt be. A gyalogh\u00edd melletti l\u00e9pcs\u0151sor fest\u00e9s\u00e9nek tervei megvannak, a v\u00edz\u00fcgy \u00e9s a v\u00e1ros is t\u00e1mogatja a folytat\u00e1st.<br \/>&#8220;Az, hogy ide szolnoki gyerekek szolnoki esem\u00e9nyeket, \u00e9p\u00fcleteket, h\u00edress\u00e9geket festettek, n\u00f6veli a szolnokis\u00e1got, az identit\u00e1st n\u00f6velte ez a program.&#8221; -mondta SZALAY FERENC polg\u00e1rmester.<br \/>Szalay Ferenc a munk\u00e1ban r\u00e9sztvev\u0151 di\u00e1koknak -a tanul\u00f3k k\u00e9r\u00e9snek megfelel\u0151en- jutalmul, felaj\u00e1nlott egy aut\u00f3buszos kir\u00e1ndul\u00e1st, m\u00fazeuml\u00e1togat\u00e1ssal, bel\u00e9p\u0151vel egy\u00fctt.<\/p>\n<div style=\"width: 640px;\" class=\"wp-video\"><!--[if lt IE 9]><script>document.createElement('video');<\/script><![endif]-->\n<video class=\"wp-video-shortcode\" id=\"video-8889-1\" width=\"640\" height=\"360\" preload=\"metadata\" controls=\"controls\"><source type=\"video\/mp4\" src=\"\/spots\/hir\/hir_180507_09.mp4?_=1\" \/><a href=\"\/spots\/hir\/hir_180507_09.mp4\">\/spots\/hir\/hir_180507_09.mp4<\/a><\/video><\/div>\n","protected":false},"excerpt":{"rendered":"<p>Miut\u00e1n befejez\u0151d\u00f6tt a Tisza-parti t\u00e1mfal fest\u00e9se, azonnal a selfie-z\u0151k kedvelt c\u00e9lpontja lett. Az elm\u00falt hetekben a k\u00f6z\u00f6ss\u00e9gi oldalon sz\u00e1z\u00e1val jelentek meg az itt k\u00e9sz\u00fclt f\u00e9nyk\u00e9pek. A Magiszter F\u00e9nyes Adolf Szolnoki Gimn\u00e1ziuma \u00e9s M\u0171v\u00e9szeti Szakgimn\u00e1ziuma tanul\u00f3i, a fest\u00e9s ir\u00e1ny\u00edt\u00f3 pedag\u00f3gus \u00e9s az iskola igazgat\u00f3ja megmutatta a k\u00e9sz m\u0171vet a polg\u00e1rmesternek.Az \u00f6tlet a K\u00f6z\u00e9p-Tisza Vid\u00e9ki V\u00edz\u00fcgyi Igazgat\u00f3s\u00e1gt\u00f3l [&hellip;]<\/p>\n","protected":false},"author":2,"featured_media":0,"comment_status":"closed","ping_status":"closed","sticky":false,"template":"","format":"standard","meta":[],"categories":[9],"tags":[],"_links":{"self":[{"href":"http:\/\/archiv.szolnoktv.hu\/index.php?rest_route=\/wp\/v2\/posts\/8889"}],"collection":[{"href":"http:\/\/archiv.szolnoktv.hu\/index.php?rest_route=\/wp\/v2\/posts"}],"about":[{"href":"http:\/\/archiv.szolnoktv.hu\/index.php?rest_route=\/wp\/v2\/types\/post"}],"author":[{"embeddable":true,"href":"http:\/\/archiv.szolnoktv.hu\/index.php?rest_route=\/wp\/v2\/users\/2"}],"replies":[{"embeddable":true,"href":"http:\/\/archiv.szolnoktv.hu\/index.php?rest_route=%2Fwp%2Fv2%2Fcomments&post=8889"}],"version-history":[{"count":1,"href":"http:\/\/archiv.szolnoktv.hu\/index.php?rest_route=\/wp\/v2\/posts\/8889\/revisions"}],"predecessor-version":[{"id":8904,"href":"http:\/\/archiv.szolnoktv.hu\/index.php?rest_route=\/wp\/v2\/posts\/8889\/revisions\/8904"}],"wp:attachment":[{"href":"http:\/\/archiv.szolnoktv.hu\/index.php?rest_route=%2Fwp%2Fv2%2Fmedia&parent=8889"}],"wp:term":[{"taxonomy":"category","embeddable":true,"href":"http:\/\/archiv.szolnoktv.hu\/index.php?rest_route=%2Fwp%2Fv2%2Fcategories&post=8889"},{"taxonomy":"post_tag","embeddable":true,"href":"http:\/\/archiv.szolnoktv.hu\/index.php?rest_route=%2Fwp%2Fv2%2Ftags&post=8889"}],"curies":[{"name":"wp","href":"https:\/\/api.w.org\/{rel}","templated":true}]}}