{"id":8887,"date":"2018-05-07T16:58:27","date_gmt":"2018-05-07T16:58:27","guid":{"rendered":"http:\/\/archiv.szolnoktv.hu\/?p=8887"},"modified":"2021-08-14T14:01:25","modified_gmt":"2021-08-14T14:01:25","slug":"elkezdodott-az-irasbeli-erettsegi","status":"publish","type":"post","link":"http:\/\/archiv.szolnoktv.hu\/?p=8887","title":{"rendered":"Elkezd\u0151d\u00f6tt az \u00edr\u00e1sbeli \u00e9retts\u00e9gi"},"content":{"rendered":"<div class='booster-block booster-read-block'><\/div><p>Reggel f\u00e9l h\u00e9tkor \u00e9rkeztek meg a magyar nyelv- \u00e9s irodalom \u00e9retts\u00e9gi t\u00e9telei a Verseghy Ferenc Gimn\u00e1ziumba. Az int\u00e9zm\u00e9nyek a feladatlapokat ma hajnalban vett\u00e9k \u00e1t a korm\u00e1nyhivatalokban, akkor m\u00e9g a tan\u00e1rok sem bonthatt\u00e1k ki azokat.<\/p>\n<p>A vizsg\u00e1z\u00f3kra sem kellett sokat v\u00e1rni, Kiss Helga az els\u0151k k\u00f6z\u00f6tt \u00e9rkezett. A martf\u0171i l\u00e1ny azt mondja, nem izgul a magyar vizsga miatt, ugyanis 4 \u00e9v alatt megfelel\u0151en felk\u00e9sz\u00fclt, illetve a kabala\u00e1llatai a macsk\u00e1k, \u00e9s h\u00e1rommal is tal\u00e1lkozott az iskol\u00e1ba j\u00f6vet. <\/p>\n<p>-A magyarban \u00e9n abszol\u00fat magabiztos vagyok, vannak tant\u00e1rgyak, amikben kev\u00e9sb\u00e9, de tudom \u00e9s hiszek benne, hogy majd, ha oda ker\u00fcl\u00f6k akkor 100%-os tud\u00e1ssal fogok helyt\u00e1llni.&#8221;  &#8211;   mondta Kiss Helga<\/p>\n<p>A vizsg\u00e1z\u00f3k azt mondj\u00e1k, a m\u00e1sodik f\u00e9l\u00e9vben m\u00e1r minden az \u00e9retts\u00e9gir\u0151l sz\u00f3lt az iskol\u00e1ban. T\u00f6bb tesztet a tan\u00e1rokkal k\u00f6z\u00f6sen oldottak meg, \u00e9s az el\u0151z\u0151 \u00e9vek feladatsorait is gyakorolt\u00e1k, valamint pr\u00f3ba\u00e9retts\u00e9gi meg\u00edr\u00e1s\u00e1ra is volt lehet\u0151s\u00e9g. <\/p>\n<p>-Az utols\u00f3 nap m\u00e9g \u00e1tn\u00e9ztem a sz\u00f3beli t\u00e9teleket, \u00e1tism\u00e9teltem azokat a t\u00e9mak\u00f6r\u00f6ket, amelyeket \u00fagy gondoltam, hogy m\u00e9g fontosak lehetnek az \u00e9retts\u00e9gihez, viszont pr\u00f3b\u00e1ltam arra koncentr\u00e1lni, hogy min\u00e9l kipihentebben \u00e9rkezzek az \u00e9retts\u00e9gire.&#8221;  &#8211;   tette hozz\u00e1 Mih\u00e1lyi Vivien<\/p>\n<p>A k\u00f6z\u00e9pszint\u0171 magyar \u00e9retts\u00e9gi els\u0151 r\u00e9sz\u00e9ben 90 perc alatt egy 700-1000 sz\u00f3b\u00f3l \u00e1ll\u00f3 sz\u00f6veg\u00e9rt\u00e9si feladatsort, \u00e9s egy r\u00f6vid sz\u00f6vegalkot\u00e1si feladatot kellett megoldaniuk a di\u00e1koknak. Emellett az \u00e9rvel\u00e9si feladatban egy 120-200 szavas sz\u00f6veget kellett alkotniuk, vagy pedig, ha nem az \u00e9rvel\u00e9st v\u00e1lasztott\u00e1k, akkor hivatalos levelet kellett \u00edrniuk. <\/p>\n<p>A m\u00e1sodik feladatlapon k\u00e9t m\u0171elemz\u00e9si feladat volt. A di\u00e1kok vagy egy Bal\u00e1zs B\u00e9la mes\u00e9t elemeztek, vagy az \u00f6sszehasonl\u00edt\u00f3 m\u0171elemz\u00e9st v\u00e1laszthatt\u00e1k, ahol egy J\u00f3zsef Attila \u00e9s egy Szab\u00f3 L\u0151rinc verset kellett \u00f6sszevetni\u00fck. Erre 150 perc\u00fck volt.<\/p>\n<p>-\u00dagy \u00e9rzem, hogy a m\u0171elemz\u0151 fogalmaz\u00e1s volt itt a legizgalmasabb dolog, mivel az egy olyan sz\u00f6vegr\u0151l sz\u00f3lt  &#8211;  nem tudom, hogy ez mennyire tekinthet\u0151 kort\u00e1rsnak, de itt m\u00e1r el kellett vonatkoztatni az ott olvasott dolgokt\u00f3l \u00e9s a sorok m\u00f6g\u00e9 kellett l\u00e1tni.&#8221;  &#8211; fogalmazott Kiss Kata<\/p>\n<p>Mosnostori Z\u00f3ra h\u00e1rom \u00e9s f\u00e9l \u00f3ra alatt v\u00e9gzett a feladatokkal. Azt mondja az utols\u00f3 30 perc m\u00e1r csak a jav\u00edt\u00e1sr\u00f3l \u00e9s a tiszt\u00e1z\u00e1sr\u00f3l sz\u00f3lt sz\u00e1m\u00e1ra. \u00dagy \u00e9rzi, a feladatsor ink\u00e1bb k\u00f6nny\u0171 volt mint neh\u00e9z, \u00e9s aki a 4 \u00e9v alatt folyamatosan tanult az meg tudta csin\u00e1lni. <\/p>\n<p>-K\u00f6nnyebb volt, mert el\u00e9g felk\u00e9sz\u00edt\u00e9st kaptunk, \u00e9n m\u00e1r f\u00e9l \u00f3r\u00e1val hamarabb befejeztem. Szerintem a t\u00f6bbiek is meg tudt\u00e1k oldani, mivel a novella elemz\u00e9sn\u00e9l ismeretlen szerz\u0151 volt, de a vers \u00f6sszehasonl\u00edt\u00e1sn\u00e1l ismert k\u00f6lt\u0151 volt, akir\u0151l sokat tanultunk.&#8221;   &#8211; mondta Monostori Z\u00f3ra<\/p>\n<p>Az int\u00e9zm\u00e9ny igazgat\u00f3ja szerint a sikeres \u00e9retts\u00e9gihez minden adott a Verseghyben. A most \u00e9retts\u00e9giz\u0151 \u00e9vfolyam di\u00e1kjai az elm\u00falt \u00e9vekben kiemelked\u0151 tanulm\u00e1nyi eredm\u00e9nyeket \u00e9rtek el, az Orsz\u00e1gos K\u00f6z\u00e9piskolai Tanulm\u00e1nyi Versenyen t\u00f6bb tant\u00e1rgyban 1., 2. \u00e9s 3. helyet is szereztek.  &#8211;   fogalmazott Pog\u00e1ny Gyula<\/p>\n<p>-A gyerekek nagy r\u00e9sz\u00e9nek most eld\u0151l a sorsa, nem mindegy, hogy milyen egyetemre, hov\u00e1 fog beker\u00fclni, mi lesz majd bel\u0151le. Ehhez itt a Verseghyben igyekez\u00fcnk minden felt\u00e9telt biztos\u00edtani a gyerekeknek \u00e9s a sz\u00fcl\u0151knek is biztos\u00edtani, akik ide \u00edratj\u00e1k a gyerekeiket. Az az elv\u00e1r\u00e1s, hogy felk\u00e9sz\u00edts\u00fck \u0151ket arra, hogy tov\u00e1bb tudjanak rendben tanulni.&#8221;  &#8211;   h\u00fazta al\u00e1 Pog\u00e1ny Gyula igazgat\u00f3<\/p>\n<p>A vizsgasorozat holnap emelt- \u00e9s k\u00f6z\u00e9pszinten reggel 8 \u00f3r\u00e1t\u00f3l a matematika \u00edr\u00e1sbelivel folytat\u00f3dik. <\/p>\n<div style=\"width: 640px;\" class=\"wp-video\"><!--[if lt IE 9]><script>document.createElement('video');<\/script><![endif]-->\n<video class=\"wp-video-shortcode\" id=\"video-8887-1\" width=\"640\" height=\"360\" preload=\"metadata\" controls=\"controls\"><source type=\"video\/mp4\" src=\"\/spots\/hir\/hir_180507_04.mp4?_=1\" \/><a href=\"\/spots\/hir\/hir_180507_04.mp4\">\/spots\/hir\/hir_180507_04.mp4<\/a><\/video><\/div>\n","protected":false},"excerpt":{"rendered":"<p>Reggel f\u00e9l h\u00e9tkor \u00e9rkeztek meg a magyar nyelv- \u00e9s irodalom \u00e9retts\u00e9gi t\u00e9telei a Verseghy Ferenc Gimn\u00e1ziumba. Az int\u00e9zm\u00e9nyek a feladatlapokat ma hajnalban vett\u00e9k \u00e1t a korm\u00e1nyhivatalokban, akkor m\u00e9g a tan\u00e1rok sem bonthatt\u00e1k ki azokat. A vizsg\u00e1z\u00f3kra sem kellett sokat v\u00e1rni, Kiss Helga az els\u0151k k\u00f6z\u00f6tt \u00e9rkezett. A martf\u0171i l\u00e1ny azt mondja, nem izgul a magyar [&hellip;]<\/p>\n","protected":false},"author":2,"featured_media":0,"comment_status":"closed","ping_status":"closed","sticky":false,"template":"","format":"standard","meta":[],"categories":[9],"tags":[],"_links":{"self":[{"href":"http:\/\/archiv.szolnoktv.hu\/index.php?rest_route=\/wp\/v2\/posts\/8887"}],"collection":[{"href":"http:\/\/archiv.szolnoktv.hu\/index.php?rest_route=\/wp\/v2\/posts"}],"about":[{"href":"http:\/\/archiv.szolnoktv.hu\/index.php?rest_route=\/wp\/v2\/types\/post"}],"author":[{"embeddable":true,"href":"http:\/\/archiv.szolnoktv.hu\/index.php?rest_route=\/wp\/v2\/users\/2"}],"replies":[{"embeddable":true,"href":"http:\/\/archiv.szolnoktv.hu\/index.php?rest_route=%2Fwp%2Fv2%2Fcomments&post=8887"}],"version-history":[{"count":1,"href":"http:\/\/archiv.szolnoktv.hu\/index.php?rest_route=\/wp\/v2\/posts\/8887\/revisions"}],"predecessor-version":[{"id":8906,"href":"http:\/\/archiv.szolnoktv.hu\/index.php?rest_route=\/wp\/v2\/posts\/8887\/revisions\/8906"}],"wp:attachment":[{"href":"http:\/\/archiv.szolnoktv.hu\/index.php?rest_route=%2Fwp%2Fv2%2Fmedia&parent=8887"}],"wp:term":[{"taxonomy":"category","embeddable":true,"href":"http:\/\/archiv.szolnoktv.hu\/index.php?rest_route=%2Fwp%2Fv2%2Fcategories&post=8887"},{"taxonomy":"post_tag","embeddable":true,"href":"http:\/\/archiv.szolnoktv.hu\/index.php?rest_route=%2Fwp%2Fv2%2Ftags&post=8887"}],"curies":[{"name":"wp","href":"https:\/\/api.w.org\/{rel}","templated":true}]}}