{"id":8886,"date":"2018-05-07T16:44:14","date_gmt":"2018-05-07T16:44:14","guid":{"rendered":"http:\/\/archiv.szolnoktv.hu\/?p=8886"},"modified":"2021-08-14T14:01:25","modified_gmt":"2021-08-14T14:01:25","slug":"szolnoki-torvenyszek-2017-evi-tajekoztato","status":"publish","type":"post","link":"http:\/\/archiv.szolnoktv.hu\/?p=8886","title":{"rendered":"Szolnoki T\u00f6rv\u00e9nysz\u00e9k 2017. \u00e9vi t\u00e1j\u00e9koztat\u00f3"},"content":{"rendered":"<div class='booster-block booster-read-block'><\/div><p>Az igazs\u00e1g\u00fcgyi alkalmazottak b\u00e9r\u00e9nek rendez\u00e9se a Szolnoki T\u00f6rv\u00e9nysz\u00e9k \u00e9ves t\u00e1j\u00e9koztat\u00f3j\u00e1nak egyik kiemelt pontja, ami a b\u00edr\u00f3s\u00e1gi \u00e9letp\u00e1lya kialak\u00edt\u00e1s\u00e1t is t\u00e1mogatja. A b\u00e9rrendez\u00e9s \u00e9rintette a megye b\u00edr\u00f3s\u00e1gain dolgoz\u00f3kat, akik 324-en voltak. Tavaly \u00edgy mintegy 400 milli\u00f3 forinttal n\u0151tt a kifizetett b\u00e9rek \u00f6sszege 2016-hoz k\u00e9pest. <\/p>\n<p>-Nagyon jelenet\u0151s volt ez a b\u00e9remel\u00e9s, \u00e1tlagosan az IASZOS dolgoz\u00f3k 30%-os b\u00e9remel\u00e9sben tudtak r\u00e9szes\u00fclni, \u00edgy tal\u00e1n ez egy kicsit megfogja akad\u00e1lyozni az IASZOS dolgoz\u00f3k elv\u00e1ndorl\u00e1s\u00e1t, hiszen mire egy dolgoz\u00f3t betan\u00edtunk tal\u00e1l mag\u00e1nak egy olyan munk\u00e1t, ahol t\u00f6bbet fog keresni mint itt. Ez \u00fagy t\u0171nik 2017-ben meg \u00e1llt \u00e9s kevesebben v\u00e1ltottak munkahelyet mint az azt megel\u0151z\u0151 \u00e9vekben.&#8221;- mondta Kissn\u00e9 Dr. Szab\u00f3 Judit a Szolnoki T\u00f6rv\u00e9nysz\u00e9k eln\u00f6ke.<\/p>\n<p>A Szolnoki T\u00f6rv\u00e9nysz\u00e9ken 2014 \u00f3ta vezetik a be\u00e9rkezett \u00fcgyek sz\u00e1m\u00e1t. Tavaly a megye b\u00edr\u00f3s\u00e1gaira 41643 \u00fcgy \u00e9rkezett. \u00c9v v\u00e9g\u00e9re a folyamatos \u00fcgyek sz\u00e1ma 9000-re cs\u00f6kkent, ami a 2014-es \u00e9v adataihoz k\u00e9pest 2000-es \u00fcgysz\u00e1m cs\u00f6kken\u00e9st jelent. <\/p>\n<p>-A t\u00f6rv\u00e9nysz\u00e9ki \u00fcgyekn\u00e9l a polg\u00e1ri \u00fcgyszakban figyelhet\u0151 meg legink\u00e1bb az \u00fcgysz\u00e1m cs\u00f6kken\u00e9se. Itt majdnem 30%-os \u00fcgysz\u00e1m \u00e9rkez\u00e9s cs\u00f6kken\u00e9s figyelhet\u0151 meg. Ennek megfelel\u0151en a bejez\u00e9seink sz\u00e1ma is cs\u00f6kkent, hiszen kevesebb \u00fcgyb\u0151l kevesebbet befejez\u00e9st tudtunk produk\u00e1lni. Azonban a befejezett \u00fcgyek sz\u00e1ma m\u00e9g \u00edgy is meghaladja az \u00e9rkezett \u00fcgyek sz\u00e1m\u00e1t. \u00cdgy a folyamatos \u00fcgyek lecs\u00f6kkentek 181-re, ami szint\u00e9n a k\u00e9t, k\u00e9t \u00e9s f\u00e9l els\u0151 fokot t\u00e1rgyal\u00f3 polg\u00e1ri \u00fcgyszakos b\u00edr\u00f3nak m\u00e1r egy kezelhet\u0151 mennyis\u00e9g.&#8221;- tette hozz\u00e1 a Szolnoki T\u00f6rv\u00e9nysz\u00e9k eln\u00f6ke.<\/p>\n<p>Kissn\u00e9 Dr. Szab\u00f3 Judit besz\u00e1molt a Nyitott B\u00edr\u00f3s\u00e1g Program sikeress\u00e9g\u00e9r\u0151l is. A projekt keret\u00e9ben a t\u00f6rv\u00e9nysz\u00e9k 74 rendezv\u00e9nyt tartott, melyek c\u00e9lk\u00f6z\u00f6ns\u00e9ge az \u00e1ltal\u00e1nos \u00e9s k\u00f6z\u00e9piskol\u00e1s koroszt\u00e1ly volt. A programokat a Szolnoki T\u00f6rv\u00e9nysz\u00e9k a megyei f\u0151\u00fcgy\u00e9szs\u00e9ggel, rend\u0151r-f\u0151kapit\u00e1nys\u00e1ggal, a b\u00fcntet\u00e9s-v\u00e9grehajt\u00e1si int\u00e9zettel \u00e9s az \u00fcgyv\u00e9di kamar\u00e1val egy\u00fcttm\u0171k\u00f6dve rendezte a tavalyi \u00e9vben. <\/p>\n<div style=\"width: 640px;\" class=\"wp-video\"><!--[if lt IE 9]><script>document.createElement('video');<\/script><![endif]-->\n<video class=\"wp-video-shortcode\" id=\"video-8886-1\" width=\"640\" height=\"360\" preload=\"metadata\" controls=\"controls\"><source type=\"video\/mp4\" src=\"\/spots\/hir\/hir_180508_01.mp4?_=1\" \/><a href=\"\/spots\/hir\/hir_180508_01.mp4\">\/spots\/hir\/hir_180508_01.mp4<\/a><\/video><\/div>\n","protected":false},"excerpt":{"rendered":"<p>Az igazs\u00e1g\u00fcgyi alkalmazottak b\u00e9r\u00e9nek rendez\u00e9se a Szolnoki T\u00f6rv\u00e9nysz\u00e9k \u00e9ves t\u00e1j\u00e9koztat\u00f3j\u00e1nak egyik kiemelt pontja, ami a b\u00edr\u00f3s\u00e1gi \u00e9letp\u00e1lya kialak\u00edt\u00e1s\u00e1t is t\u00e1mogatja. A b\u00e9rrendez\u00e9s \u00e9rintette a megye b\u00edr\u00f3s\u00e1gain dolgoz\u00f3kat, akik 324-en voltak. Tavaly \u00edgy mintegy 400 milli\u00f3 forinttal n\u0151tt a kifizetett b\u00e9rek \u00f6sszege 2016-hoz k\u00e9pest. -Nagyon jelenet\u0151s volt ez a b\u00e9remel\u00e9s, \u00e1tlagosan az IASZOS dolgoz\u00f3k 30%-os b\u00e9remel\u00e9sben [&hellip;]<\/p>\n","protected":false},"author":2,"featured_media":0,"comment_status":"closed","ping_status":"closed","sticky":false,"template":"","format":"standard","meta":[],"categories":[9],"tags":[],"_links":{"self":[{"href":"http:\/\/archiv.szolnoktv.hu\/index.php?rest_route=\/wp\/v2\/posts\/8886"}],"collection":[{"href":"http:\/\/archiv.szolnoktv.hu\/index.php?rest_route=\/wp\/v2\/posts"}],"about":[{"href":"http:\/\/archiv.szolnoktv.hu\/index.php?rest_route=\/wp\/v2\/types\/post"}],"author":[{"embeddable":true,"href":"http:\/\/archiv.szolnoktv.hu\/index.php?rest_route=\/wp\/v2\/users\/2"}],"replies":[{"embeddable":true,"href":"http:\/\/archiv.szolnoktv.hu\/index.php?rest_route=%2Fwp%2Fv2%2Fcomments&post=8886"}],"version-history":[{"count":1,"href":"http:\/\/archiv.szolnoktv.hu\/index.php?rest_route=\/wp\/v2\/posts\/8886\/revisions"}],"predecessor-version":[{"id":8907,"href":"http:\/\/archiv.szolnoktv.hu\/index.php?rest_route=\/wp\/v2\/posts\/8886\/revisions\/8907"}],"wp:attachment":[{"href":"http:\/\/archiv.szolnoktv.hu\/index.php?rest_route=%2Fwp%2Fv2%2Fmedia&parent=8886"}],"wp:term":[{"taxonomy":"category","embeddable":true,"href":"http:\/\/archiv.szolnoktv.hu\/index.php?rest_route=%2Fwp%2Fv2%2Fcategories&post=8886"},{"taxonomy":"post_tag","embeddable":true,"href":"http:\/\/archiv.szolnoktv.hu\/index.php?rest_route=%2Fwp%2Fv2%2Ftags&post=8886"}],"curies":[{"name":"wp","href":"https:\/\/api.w.org\/{rel}","templated":true}]}}