{"id":8885,"date":"2018-05-07T16:35:23","date_gmt":"2018-05-07T16:35:23","guid":{"rendered":"http:\/\/archiv.szolnoktv.hu\/?p=8885"},"modified":"2021-08-14T14:01:25","modified_gmt":"2021-08-14T14:01:25","slug":"majus-6-jaszkun-emleknap","status":"publish","type":"post","link":"http:\/\/archiv.szolnoktv.hu\/?p=8885","title":{"rendered":"M\u00e1jus 6. -J\u00e1szkun eml\u00e9knap"},"content":{"rendered":"<div class='booster-block booster-read-block'><\/div><p>M\u00e1jus 6-\u00e1n, a J\u00e1szkun H\u00e1rmas Ker\u00fclet \u00f6nmegv\u00e1lt\u00e1s\u00e1t, a Redemptiot lehet\u0151v\u00e9 tev\u0151 diploma al\u00e1\u00edr\u00e1s\u00e1t \u00fcnnepelj\u00fck, melyet M\u00e1ria Ter\u00e9zia l\u00e1tott el k\u00e9zjegy\u00e9vel. \u00d5seink szabads\u00e1guk\u00e9rt cser\u00e9be 500 ezer rajnai forintot \u00e9s ennek kamatait fizett\u00e9k ki, emellett pedig 1000 lovas katona ki\u00e1ll\u00edt\u00e1s\u00e1t v\u00e1llalt\u00e1k. A szolnoki \u00fcnneps\u00e9gen el\u0151deinket m\u00e9ltatta a megyei k\u00f6zgy\u0171l\u00e9s eln\u00f6ke. <\/p>\n<p> Kov\u00e1cs S\u00e1ndor eln\u00f6k  JNSZ Megyei K\u00f6zgy\u0171l\u00e9s: <\/p>\n<p>-&#8220;A J\u00e1szok \u00e9s Kunok , a t\u00e1volban gy\u00f6kerez\u0151 k\u00e9t n\u00e9p, mely itt borult lombba, itt hozott gy\u00fcm\u00f6lcs\u00f6t, a magyars\u00e1g legszebb f\u00e1ja, leger\u0151sebb f\u00e1ja lett. Azt szokt\u00e1k mondani, hogy a legmagyarabbak a J\u00e1szok \u00e9s a Kunok. Er\u0151s\u00edtik a haz\u00e1t \u00e9s a magyar nemzetet. &#8211;<\/p>\n<p>Az 1745. \u00e9vi \u00f6nmegv\u00e1lt\u00e1s a j\u00e1szkunok \u00e9let\u00e9ben \u00e9vsz\u00e1zadokra volt hat\u00e1ssal, meghat\u00e1rozta a t\u00e9rs\u00e9g gazdas\u00e1gi \u00e9s kultur\u00e1lis fejl\u0151d\u00e9s\u00e9t, identit\u00e1s\u00e1t. M\u00e1ig \u00e9l az \u00f6nmegv\u00e1lt\u00e1sban r\u00e9szt vev\u0151 telep\u00fcl\u00e9sek lak\u00f3iban \u0151seik tett\u00e9nek eml\u00e9ke. <br \/>A Szolnoki L\u00e9gier\u0151 Zenekar a J\u00e1szkun indul\u00f3val eml\u00e9kezett az \u0151s\u00f6k tetteire, melyeket a regn\u00e1l\u00f3 J\u00e1szkun f\u0151kapit\u00e1ny r\u00e9szletesen is felid\u00e9zett. <\/p>\n<p>Borb\u00e1s Ferenc, regn\u00e1l\u00f3 J\u00e1szkun f\u0151kapit\u00e1ny: <\/p>\n<p>-&#8220;Ezerkilencsz\u00e1zkilencvenben fel\u00e9ledtek a h\u00e1rmasker\u00fcleti t\u00f6rekv\u00e9sek , innent\u0151l folyamatosan l\u00e9trej\u00f6ttek a valamikori regn\u00e1l\u00f3  kapit\u00e1nys\u00e1gok hely\u00e9n az imm\u00e1r hagyom\u00e1ny\u0151rz\u0151 j\u00e1sz, kiskun \u00e9s nagykun h\u00e1rmasker\u00fcleti kapit\u00e1nyoknak az int\u00e9zm\u00e9nyei. &#8211;<\/p>\n<p> A hagyom\u00e1ny\u0151rz\u00e9s az\u00f3ta is t\u00f6retlen-tette hozz\u00e1 a f\u0151kapit\u00e1ny. Az \u00fcnnepi besz\u00e9deket  k\u00f6vet\u0151en meggy\u00fajtott\u00e1k az eml\u00e9kez\u00e9s gyerty\u00e1it az erre az alkalomra k\u00e9sz\u00edtett koszor\u00fan. <\/p>\n<div style=\"width: 640px;\" class=\"wp-video\"><!--[if lt IE 9]><script>document.createElement('video');<\/script><![endif]-->\n<video class=\"wp-video-shortcode\" id=\"video-8885-1\" width=\"640\" height=\"360\" preload=\"metadata\" controls=\"controls\"><source type=\"video\/mp4\" src=\"\/spots\/hir\/hir_180507_05.mp4?_=1\" \/><a href=\"\/spots\/hir\/hir_180507_05.mp4\">\/spots\/hir\/hir_180507_05.mp4<\/a><\/video><\/div>\n","protected":false},"excerpt":{"rendered":"<p>M\u00e1jus 6-\u00e1n, a J\u00e1szkun H\u00e1rmas Ker\u00fclet \u00f6nmegv\u00e1lt\u00e1s\u00e1t, a Redemptiot lehet\u0151v\u00e9 tev\u0151 diploma al\u00e1\u00edr\u00e1s\u00e1t \u00fcnnepelj\u00fck, melyet M\u00e1ria Ter\u00e9zia l\u00e1tott el k\u00e9zjegy\u00e9vel. \u00d5seink szabads\u00e1guk\u00e9rt cser\u00e9be 500 ezer rajnai forintot \u00e9s ennek kamatait fizett\u00e9k ki, emellett pedig 1000 lovas katona ki\u00e1ll\u00edt\u00e1s\u00e1t v\u00e1llalt\u00e1k. A szolnoki \u00fcnneps\u00e9gen el\u0151deinket m\u00e9ltatta a megyei k\u00f6zgy\u0171l\u00e9s eln\u00f6ke. Kov\u00e1cs S\u00e1ndor eln\u00f6k JNSZ Megyei K\u00f6zgy\u0171l\u00e9s: -&#8220;A [&hellip;]<\/p>\n","protected":false},"author":2,"featured_media":0,"comment_status":"closed","ping_status":"closed","sticky":false,"template":"","format":"standard","meta":[],"categories":[9],"tags":[],"_links":{"self":[{"href":"http:\/\/archiv.szolnoktv.hu\/index.php?rest_route=\/wp\/v2\/posts\/8885"}],"collection":[{"href":"http:\/\/archiv.szolnoktv.hu\/index.php?rest_route=\/wp\/v2\/posts"}],"about":[{"href":"http:\/\/archiv.szolnoktv.hu\/index.php?rest_route=\/wp\/v2\/types\/post"}],"author":[{"embeddable":true,"href":"http:\/\/archiv.szolnoktv.hu\/index.php?rest_route=\/wp\/v2\/users\/2"}],"replies":[{"embeddable":true,"href":"http:\/\/archiv.szolnoktv.hu\/index.php?rest_route=%2Fwp%2Fv2%2Fcomments&post=8885"}],"version-history":[{"count":1,"href":"http:\/\/archiv.szolnoktv.hu\/index.php?rest_route=\/wp\/v2\/posts\/8885\/revisions"}],"predecessor-version":[{"id":8908,"href":"http:\/\/archiv.szolnoktv.hu\/index.php?rest_route=\/wp\/v2\/posts\/8885\/revisions\/8908"}],"wp:attachment":[{"href":"http:\/\/archiv.szolnoktv.hu\/index.php?rest_route=%2Fwp%2Fv2%2Fmedia&parent=8885"}],"wp:term":[{"taxonomy":"category","embeddable":true,"href":"http:\/\/archiv.szolnoktv.hu\/index.php?rest_route=%2Fwp%2Fv2%2Fcategories&post=8885"},{"taxonomy":"post_tag","embeddable":true,"href":"http:\/\/archiv.szolnoktv.hu\/index.php?rest_route=%2Fwp%2Fv2%2Ftags&post=8885"}],"curies":[{"name":"wp","href":"https:\/\/api.w.org\/{rel}","templated":true}]}}