{"id":8883,"date":"2018-05-07T16:26:39","date_gmt":"2018-05-07T16:26:39","guid":{"rendered":"http:\/\/archiv.szolnoktv.hu\/?p=8883"},"modified":"2021-08-14T14:01:25","modified_gmt":"2021-08-14T14:01:25","slug":"ballagas-2018","status":"publish","type":"post","link":"http:\/\/archiv.szolnoktv.hu\/?p=8883","title":{"rendered":"Ballag\u00e1s 2018"},"content":{"rendered":"<div class='booster-block booster-read-block'><\/div><p> Elj\u00f6tt a pillanat, amikor bizony indulniuk kell a di\u00e1koknak. Szombaton d\u00e9lel\u0151tt a P\u00e1lfy-V\u00edz\u00fcgyi Szakgimn\u00e1zium v\u00e9gz\u0151sei vett\u00e9k birtokba a Tiszai haj\u00f3sok ter\u00e9t, a hagyom\u00e1nyokhoz h\u0171en itt tartott\u00e1k ballag\u00e1si \u00fcnneps\u00e9g\u00fcket. <br \/>A Varga Katalin Gimn\u00e1zium di\u00e1kjai szint\u00e9n szombaton d\u00e9lel\u0151tt k\u00f6sz\u00f6ntek el iskol\u00e1jukt\u00f3l.  Van olyan v\u00e9gz\u0151s, aki m\u00e1r alig v\u00e1rja, hogy \u00faj \u00fatra l\u00e9pjen, de olyan is, aki f\u00e1j\u00f3 sz\u00edvvel hagyja el iskol\u00e1j\u00e1t. A b\u00facs\u00fa nemcsak a di\u00e1koknak, tan\u00e1raiknak is neh\u00e9z. A m\u0171szaki \u00e9s szolg\u00e1ltat\u00e1si szakk\u00e9pz\u00e9si centrum 8 tagint\u00e9zm\u00e9ny\u00e9nek di\u00e1kjai is elballagtak.A di\u00e1koknak k\u00e9t napjuk volt feldolgozni a ballag\u00e1s napj\u00e1n \u00e1t\u00e9lt \u00e9lm\u00e9nyeket, hiszen m\u00e9g kor\u00e1ntsincs v\u00e9ge a kih\u00edv\u00e1soknak. Ma m\u00e1r elindult az \u00e9retts\u00e9gi id\u0151szak, mely megmutatja mivel t\u00f6lt\u00f6tt\u00e9k a n\u00e9gy \u00e9vet. <\/p>\n<div style=\"width: 640px;\" class=\"wp-video\"><!--[if lt IE 9]><script>document.createElement('video');<\/script><![endif]-->\n<video class=\"wp-video-shortcode\" id=\"video-8883-1\" width=\"640\" height=\"360\" preload=\"metadata\" controls=\"controls\"><source type=\"video\/mp4\" src=\"\/spots\/hir\/hir_180507_01.mp4?_=1\" \/><a href=\"\/spots\/hir\/hir_180507_01.mp4\">\/spots\/hir\/hir_180507_01.mp4<\/a><\/video><\/div>\n","protected":false},"excerpt":{"rendered":"<p>Elj\u00f6tt a pillanat, amikor bizony indulniuk kell a di\u00e1koknak. Szombaton d\u00e9lel\u0151tt a P\u00e1lfy-V\u00edz\u00fcgyi Szakgimn\u00e1zium v\u00e9gz\u0151sei vett\u00e9k birtokba a Tiszai haj\u00f3sok ter\u00e9t, a hagyom\u00e1nyokhoz h\u0171en itt tartott\u00e1k ballag\u00e1si \u00fcnneps\u00e9g\u00fcket. A Varga Katalin Gimn\u00e1zium di\u00e1kjai szint\u00e9n szombaton d\u00e9lel\u0151tt k\u00f6sz\u00f6ntek el iskol\u00e1jukt\u00f3l. Van olyan v\u00e9gz\u0151s, aki m\u00e1r alig v\u00e1rja, hogy \u00faj \u00fatra l\u00e9pjen, de olyan is, aki f\u00e1j\u00f3 [&hellip;]<\/p>\n","protected":false},"author":2,"featured_media":0,"comment_status":"closed","ping_status":"closed","sticky":false,"template":"","format":"standard","meta":[],"categories":[9],"tags":[],"_links":{"self":[{"href":"http:\/\/archiv.szolnoktv.hu\/index.php?rest_route=\/wp\/v2\/posts\/8883"}],"collection":[{"href":"http:\/\/archiv.szolnoktv.hu\/index.php?rest_route=\/wp\/v2\/posts"}],"about":[{"href":"http:\/\/archiv.szolnoktv.hu\/index.php?rest_route=\/wp\/v2\/types\/post"}],"author":[{"embeddable":true,"href":"http:\/\/archiv.szolnoktv.hu\/index.php?rest_route=\/wp\/v2\/users\/2"}],"replies":[{"embeddable":true,"href":"http:\/\/archiv.szolnoktv.hu\/index.php?rest_route=%2Fwp%2Fv2%2Fcomments&post=8883"}],"version-history":[{"count":1,"href":"http:\/\/archiv.szolnoktv.hu\/index.php?rest_route=\/wp\/v2\/posts\/8883\/revisions"}],"predecessor-version":[{"id":8910,"href":"http:\/\/archiv.szolnoktv.hu\/index.php?rest_route=\/wp\/v2\/posts\/8883\/revisions\/8910"}],"wp:attachment":[{"href":"http:\/\/archiv.szolnoktv.hu\/index.php?rest_route=%2Fwp%2Fv2%2Fmedia&parent=8883"}],"wp:term":[{"taxonomy":"category","embeddable":true,"href":"http:\/\/archiv.szolnoktv.hu\/index.php?rest_route=%2Fwp%2Fv2%2Fcategories&post=8883"},{"taxonomy":"post_tag","embeddable":true,"href":"http:\/\/archiv.szolnoktv.hu\/index.php?rest_route=%2Fwp%2Fv2%2Ftags&post=8883"}],"curies":[{"name":"wp","href":"https:\/\/api.w.org\/{rel}","templated":true}]}}