{"id":8882,"date":"2018-05-04T19:19:13","date_gmt":"2018-05-04T19:19:13","guid":{"rendered":"http:\/\/archiv.szolnoktv.hu\/?p=8882"},"modified":"2021-08-14T14:01:26","modified_gmt":"2021-08-14T14:01:26","slug":"tisza-to-napja-rendezvenysorozat","status":"publish","type":"post","link":"http:\/\/archiv.szolnoktv.hu\/?p=8882","title":{"rendered":"Tisza-t\u00f3 Napja Rendezv\u00e9nysorozat"},"content":{"rendered":"<div class='booster-block booster-read-block'><\/div><p>A rendk\u00edv\u00fcli id\u0151j\u00e1r\u00e1snak k\u00f6sz\u00f6nhet\u0151en m\u00e1r ny\u00e1ri arc\u00e1t mutatja a Tisza-t\u00f3. Az el\u0151z\u0151 hossz\u00fa h\u00e9tv\u00e9g\u00e9n m\u00e1r tele volt kir\u00e1ndul\u00f3kkal a t\u00f3 k\u00f6rny\u00e9ke. <\/p>\n<p>Kov\u00e1cs S\u00e1ndor eln\u00f6k Tisza-t\u00f3 t\u00e9rs\u00e9gi Fejleszt\u00e9si Tan\u00e1cs: <\/p>\n<p>-&#8220;K\u00fcl\u00f6nleges az idei \u00e9v hiszen 40 \u00e9ves a Tisza-t\u00f3, 45 \u00e9ves a kisk\u00f6rei v\u00edzl\u00e9pcs\u0151 \u00e9s egy csod\u00e1latos jubileumi \u00e9v az idei. Ezt szeretn\u00e9nk meg\u00fcnnepelni olyan programokkal, amelyek m\u00e1r hagyom\u00e1nyosan kezdj\u00fck az \u00e9vet. A Tiszta t\u00f3 a Tisza-t\u00f3 programmal, a ker\u00e9kp\u00e1ros programokkal.&#8221;<\/p>\n<p>M\u00e1jus 11-19-ig tart a rendezv\u00e9nysorozat. Busi L\u00e1szl\u00f3 a Tiszai V\u00edzirend\u00e9szeti Kapit\u00e1nys\u00e1g vezet\u0151je  besz\u00e1molt a m\u00e1jus 11-i IV. Rend\u0151r Tisza-tavi triatlonr\u00f3l.<\/p>\n<p>Busi L\u00e1szl\u00f3 r. ezredes a Tiszai V\u00edzirend\u00e9szeti Kapit\u00e1nys\u00e1g vezet\u0151je : <\/p>\n<p>-&#8220;Ezen a napon j\u00e1tszunk versenyz\u00fcnk \u00e9s ezt laz\u00e1bb\u00e1 tessz\u00fck \u00e9s Tiszaf\u00fcreden ezt ny\u00edlt form\u00e1ban tessz\u00fck meg, visz\u00fcnk rend\u0151rs\u00e9gi haszn\u00e1lati eszk\u00f6z\u00f6ket, j\u00e1rm\u0171veket. &#8211;<\/p>\n<p>A teljes Tisza tavat \u00e9rinti majd a t\u00f3 k\u00f6r\u00fcli fut\u00f3 bajnoks\u00e1g, melyre civileket is v\u00e1rnak. 54 kilom\u00e9ter t\u00e1vot kell teljes\u00edteni\u00fck a nevez\u0151knek m\u00e1jus 15-\u00e9n kedden. <\/p>\n<p>Fejes L\u0151rinc, kisk\u00f6rei szakaszm\u00e9rn\u00f6k K\u00d6TIVIZIG:<\/p>\n<p>-&#8220;T\u00f6bb n\u00f6v\u00e9nynek is a vir\u00e1gz\u00e1sa egybe\u00e9rt, most vir\u00e1gzik a s\u00e1rga mocs\u00e1ri n\u0151szirom, a feh\u00e9r t\u00fcnd\u00e9rr\u00f3zsa a v\u00edzi utak mellett. A madarak m\u00e1r a f\u00e9szken \u00fclnek \u00e9s a toj\u00e1son a szaporulattal foglalkoznak. &#8211;<\/p>\n<p>A szakaszm\u00e9rn\u00f6k felh\u00edvta a figyelmet a kisk\u00f6rei v\u00edzl\u00e9pcs\u0151n\u00e9l rendezett Ki Mit tud d\u00f6nt\u0151j\u00e9re, melyet m\u00e1jus 14-\u00e9n h\u00e9tf\u0151n rendeznek. Erre 45 csapat nevezett. M\u00e1jus 16-\u00e1n rendezik a  Tiszta t\u00f3 a Tisza-t\u00f3 c.  konferenci\u00e1t, ahol a t\u00f3 40 \u00e9ves \u00e9s a  Kisk\u00f6rei V\u00edzl\u00e9pcs\u0151  45 \u00e9ves \u00e9vfordul\u00f3j\u00e1t is meg\u00fcnneplik. <br \/>A horg\u00e1szat a Tisza-tavi turizmus alapja. A 14 \u00e9v alatti gyerekek ingyenes horg\u00e1szjegy akci\u00f3ja igen n\u00e9pszer\u0171 a csal\u00e1dok k\u00f6r\u00e9ben. Ehhez kapcsol\u00f3d\u00f3an egy horg\u00e1szversenyt is rendeznek. <\/p>\n<p>Szab\u00f3 Istv\u00e1n marketing menedzser , Tisza-tavi Sporthorg\u00e1sz KN Kft. :<\/p>\n<p>-&#8220;M\u00e1jus 17\u00e9n cs\u00fct\u00f6rt\u00f6k\u00f6n  reggel 8- t\u00f3l v\u00e1rjuk a jelentkez\u0151ket a Sporthor\u00e1gsz Kft irod\u00e1j\u00e1ban. R\u00f6vid ind\u00edt\u00e1s ut\u00e1n elfoglaljuk a cs\u00f3nakos \u00e9s \u00fasz\u00f3 kompos horg\u00e1szhelyeket \u00e9s egy eg\u00e9sz d\u00e9lel\u0151tt\u00f6s k\u00f6z\u00f6s horg\u00e1szatot fogunk tartani. &#8211;<\/p>\n<p> A gyereknek egy k\u00fcl\u00f6n horg\u00e1szversennyel k\u00e9sz\u00fclnek. Szint\u00e9n a gyerekeket v\u00e1rja a tiszaf\u00fcredi  csal\u00e1di  \u00f6kod\u00e9lut\u00e1n m\u00e1jus 18-\u00e1n. Itt mutatj\u00e1k be azokat az \u00f6koruh\u00e1kat is, melyeket a Szolnoki Ruhaipari Iskol\u00e1ban k\u00e9sz\u00edtettek. <\/p>\n<p>Haj\u00f3s Lilla asszisztens Tisza-tavi Fesztiv\u00e1l Nonprofit Kft. :<\/p>\n<p>-&#8220;Gyermekm\u00e9ret\u0171 marionett b\u00e1b\u00fa seg\u00edts\u00e9g\u00e9vel- melyek szint\u00e9n \u00fajrahasznos\u00edtott anyagokb\u00f3l k\u00e9sz\u00fcltek  &#8211;   j\u00e1t\u00e9kos, zen\u00e9s interakt\u00edv m\u0171sor tan\u00edtja majd a gyerekeket a k\u00f6rnyezettudatos \u00e9letm\u00f3dra, a szelekt\u00e1l\u00e1s mik\u00e9ntj\u00e9re. &#8211;<\/p>\n<p>M\u00e1jus 19-\u00e9n rendezik a k\u00f6rnyezettudatoss\u00e1g jegy\u00e9ben szervezett VIP ker\u00e9kp\u00e1rt\u00far\u00e1t a t\u00f3 k\u00f6r\u00fcl, ahol 70 kilom\u00e9tert kell letekerni\u00fck a csod\u00e1latos k\u00f6rnyezetben.<br \/>\n<br \/>\n<div style=\"width: 640px;\" class=\"wp-video\"><!--[if lt IE 9]><script>document.createElement('video');<\/script><![endif]-->\n<video class=\"wp-video-shortcode\" id=\"video-8882-1\" width=\"640\" height=\"360\" preload=\"metadata\" controls=\"controls\"><source type=\"video\/mp4\" src=\"\/spots\/hir\/hir_180504_06.mp4?_=1\" \/><a href=\"\/spots\/hir\/hir_180504_06.mp4\">\/spots\/hir\/hir_180504_06.mp4<\/a><\/video><\/div><\/p>\n","protected":false},"excerpt":{"rendered":"<p>A rendk\u00edv\u00fcli id\u0151j\u00e1r\u00e1snak k\u00f6sz\u00f6nhet\u0151en m\u00e1r ny\u00e1ri arc\u00e1t mutatja a Tisza-t\u00f3. Az el\u0151z\u0151 hossz\u00fa h\u00e9tv\u00e9g\u00e9n m\u00e1r tele volt kir\u00e1ndul\u00f3kkal a t\u00f3 k\u00f6rny\u00e9ke. Kov\u00e1cs S\u00e1ndor eln\u00f6k Tisza-t\u00f3 t\u00e9rs\u00e9gi Fejleszt\u00e9si Tan\u00e1cs: -&#8220;K\u00fcl\u00f6nleges az idei \u00e9v hiszen 40 \u00e9ves a Tisza-t\u00f3, 45 \u00e9ves a kisk\u00f6rei v\u00edzl\u00e9pcs\u0151 \u00e9s egy csod\u00e1latos jubileumi \u00e9v az idei. Ezt szeretn\u00e9nk meg\u00fcnnepelni olyan programokkal, amelyek [&hellip;]<\/p>\n","protected":false},"author":2,"featured_media":0,"comment_status":"closed","ping_status":"closed","sticky":false,"template":"","format":"standard","meta":[],"categories":[9],"tags":[],"_links":{"self":[{"href":"http:\/\/archiv.szolnoktv.hu\/index.php?rest_route=\/wp\/v2\/posts\/8882"}],"collection":[{"href":"http:\/\/archiv.szolnoktv.hu\/index.php?rest_route=\/wp\/v2\/posts"}],"about":[{"href":"http:\/\/archiv.szolnoktv.hu\/index.php?rest_route=\/wp\/v2\/types\/post"}],"author":[{"embeddable":true,"href":"http:\/\/archiv.szolnoktv.hu\/index.php?rest_route=\/wp\/v2\/users\/2"}],"replies":[{"embeddable":true,"href":"http:\/\/archiv.szolnoktv.hu\/index.php?rest_route=%2Fwp%2Fv2%2Fcomments&post=8882"}],"version-history":[{"count":1,"href":"http:\/\/archiv.szolnoktv.hu\/index.php?rest_route=\/wp\/v2\/posts\/8882\/revisions"}],"predecessor-version":[{"id":8911,"href":"http:\/\/archiv.szolnoktv.hu\/index.php?rest_route=\/wp\/v2\/posts\/8882\/revisions\/8911"}],"wp:attachment":[{"href":"http:\/\/archiv.szolnoktv.hu\/index.php?rest_route=%2Fwp%2Fv2%2Fmedia&parent=8882"}],"wp:term":[{"taxonomy":"category","embeddable":true,"href":"http:\/\/archiv.szolnoktv.hu\/index.php?rest_route=%2Fwp%2Fv2%2Fcategories&post=8882"},{"taxonomy":"post_tag","embeddable":true,"href":"http:\/\/archiv.szolnoktv.hu\/index.php?rest_route=%2Fwp%2Fv2%2Ftags&post=8882"}],"curies":[{"name":"wp","href":"https:\/\/api.w.org\/{rel}","templated":true}]}}