{"id":8881,"date":"2018-05-04T18:09:13","date_gmt":"2018-05-04T18:09:13","guid":{"rendered":"http:\/\/archiv.szolnoktv.hu\/?p=8881"},"modified":"2021-08-14T14:01:26","modified_gmt":"2021-08-14T14:01:26","slug":"anyak-napi-aranykosar","status":"publish","type":"post","link":"http:\/\/archiv.szolnoktv.hu\/?p=8881","title":{"rendered":"Any\u00e1k napi Aranykos\u00e1r"},"content":{"rendered":"<div class='booster-block booster-read-block'><\/div><p>-K\u00f6sz\u00f6nt\u00f6m \u00f6n\u00f6ket az Aba-Nov\u00e1k Ag\u00f3ra mell\u0151l, m\u00e9gpedig a Szolnok Telev\u00edzi\u00f3 \u00daj \u00dcgyf\u00e9lszolg\u00e1lati Irod\u00e1ja el\u00f6l fogjuk \u00f6n\u00f6ket v\u00e1rni, illetve innen k\u00f6zvet\u00edtj\u00fck az \u00e9l\u0151 k\u00edv\u00e1ns\u00e1gm\u0171sort \u00e9l\u0151ben.&#8221;- ezekkel a szavakkal \u00fcdv\u00f6z\u00f6lte a n\u00e9z\u0151ket a k\u00e9t m\u0171sorvezet\u0151 Szolovjov Rita \u00e9s Torda Ferenc.<\/p>\n<p>Az Aranykos\u00e1r k\u00e9t m\u0171sorvezet\u0151je ez\u00fattal az \u00e9desany\u00e1knak sz\u00e1nt k\u00edv\u00e1ns\u00e1gokat teljes\u00edtik. Azok a n\u00e9z\u0151k, akik ell\u00e1togattak a m\u0171sor felv\u00e9tel\u00e9nek helysz\u00edn\u00e9re, \u00e9l\u0151ben k\u00fcldhettek sz\u00e1mot szerett\u00fcknek. <br \/>A m\u0171sor szerkeszt\u0151inek fontos, hogy megismerj\u00e9k a n\u00e9z\u0151ket \u00e9s ne csak leveleken kereszt\u00fcl tal\u00e1lkozzanak a k\u00edv\u00e1ns\u00e1gok felad\u00f3val.<\/p>\n<p> -Szeret\u00fcnk kimenni \u00e9s ott lenni a n\u00e9z\u0151ink k\u00f6z\u00f6tt. Ez m\u00e1r nem az els\u0151 alkalom, hogy az Aranykos\u00e1r k\u00fcls\u0151 helysz\u00ednen k\u00e9sz\u00edti el a felv\u00e9telt \u00e9s nem st\u00fadi\u00f3 k\u00f6r\u00fclm\u00e9nyek k\u00f6z\u00f6tt. A visszajelz\u00e9sek nagyon j\u00f3k \u00e9s pozit\u00edvak. A j\u00f6v\u0151ben tervezz\u00fck, hogy m\u00e1s k\u00f6rny\u00e9kbeli telep\u00fcl\u00e9sekre is kil\u00e1togatunk.&#8221;- mondta Pog\u00e1ny Attila a Szolnok Telev\u00edzi\u00f3 vez\u00e9rigazgat\u00f3ja. <\/p>\n<p>Rita \u00e9s Feri ez\u00fattal nemcsak a n\u00f3t\u00e1kat teljes\u00edtett\u00e9k Tort\u00e1val, illetve sz\u00edv alak\u00fa linzerrel aj\u00e1nd\u00e9kozt\u00e1k meg az \u00e9desany\u00e1kat. Az Aranykos\u00e1r teljes ad\u00e1s\u00e1t szombat eset l\u00e1thatj\u00e1k a Szolnok Telev\u00edzi\u00f3n.<\/p>\n<div style=\"width: 640px;\" class=\"wp-video\"><!--[if lt IE 9]><script>document.createElement('video');<\/script><![endif]-->\n<video class=\"wp-video-shortcode\" id=\"video-8881-1\" width=\"640\" height=\"360\" preload=\"metadata\" controls=\"controls\"><source type=\"video\/mp4\" src=\"\/spots\/hir\/hir_180504_05.mp4?_=1\" \/><a href=\"\/spots\/hir\/hir_180504_05.mp4\">\/spots\/hir\/hir_180504_05.mp4<\/a><\/video><\/div>\n","protected":false},"excerpt":{"rendered":"<p>-K\u00f6sz\u00f6nt\u00f6m \u00f6n\u00f6ket az Aba-Nov\u00e1k Ag\u00f3ra mell\u0151l, m\u00e9gpedig a Szolnok Telev\u00edzi\u00f3 \u00daj \u00dcgyf\u00e9lszolg\u00e1lati Irod\u00e1ja el\u00f6l fogjuk \u00f6n\u00f6ket v\u00e1rni, illetve innen k\u00f6zvet\u00edtj\u00fck az \u00e9l\u0151 k\u00edv\u00e1ns\u00e1gm\u0171sort \u00e9l\u0151ben.&#8221;- ezekkel a szavakkal \u00fcdv\u00f6z\u00f6lte a n\u00e9z\u0151ket a k\u00e9t m\u0171sorvezet\u0151 Szolovjov Rita \u00e9s Torda Ferenc. Az Aranykos\u00e1r k\u00e9t m\u0171sorvezet\u0151je ez\u00fattal az \u00e9desany\u00e1knak sz\u00e1nt k\u00edv\u00e1ns\u00e1gokat teljes\u00edtik. Azok a n\u00e9z\u0151k, akik ell\u00e1togattak a m\u0171sor [&hellip;]<\/p>\n","protected":false},"author":2,"featured_media":0,"comment_status":"closed","ping_status":"closed","sticky":false,"template":"","format":"standard","meta":[],"categories":[9],"tags":[],"_links":{"self":[{"href":"http:\/\/archiv.szolnoktv.hu\/index.php?rest_route=\/wp\/v2\/posts\/8881"}],"collection":[{"href":"http:\/\/archiv.szolnoktv.hu\/index.php?rest_route=\/wp\/v2\/posts"}],"about":[{"href":"http:\/\/archiv.szolnoktv.hu\/index.php?rest_route=\/wp\/v2\/types\/post"}],"author":[{"embeddable":true,"href":"http:\/\/archiv.szolnoktv.hu\/index.php?rest_route=\/wp\/v2\/users\/2"}],"replies":[{"embeddable":true,"href":"http:\/\/archiv.szolnoktv.hu\/index.php?rest_route=%2Fwp%2Fv2%2Fcomments&post=8881"}],"version-history":[{"count":1,"href":"http:\/\/archiv.szolnoktv.hu\/index.php?rest_route=\/wp\/v2\/posts\/8881\/revisions"}],"predecessor-version":[{"id":8912,"href":"http:\/\/archiv.szolnoktv.hu\/index.php?rest_route=\/wp\/v2\/posts\/8881\/revisions\/8912"}],"wp:attachment":[{"href":"http:\/\/archiv.szolnoktv.hu\/index.php?rest_route=%2Fwp%2Fv2%2Fmedia&parent=8881"}],"wp:term":[{"taxonomy":"category","embeddable":true,"href":"http:\/\/archiv.szolnoktv.hu\/index.php?rest_route=%2Fwp%2Fv2%2Fcategories&post=8881"},{"taxonomy":"post_tag","embeddable":true,"href":"http:\/\/archiv.szolnoktv.hu\/index.php?rest_route=%2Fwp%2Fv2%2Ftags&post=8881"}],"curies":[{"name":"wp","href":"https:\/\/api.w.org\/{rel}","templated":true}]}}