{"id":8880,"date":"2018-05-04T18:05:25","date_gmt":"2018-05-04T18:05:25","guid":{"rendered":"http:\/\/archiv.szolnoktv.hu\/?p=8880"},"modified":"2021-08-14T14:01:26","modified_gmt":"2021-08-14T14:01:26","slug":"nhsz-ujdonsagok","status":"publish","type":"post","link":"http:\/\/archiv.szolnoktv.hu\/?p=8880","title":{"rendered":"NHSZ \u00fajdons\u00e1gok"},"content":{"rendered":"<div class='booster-block booster-read-block'><\/div><p>\u00cdme a lej\u00e1rt b\u00edr\u00f3s\u00e1gi \u00fcgyiratok, feldolgoz\u00e1sra el\u0151k\u00e9sz\u00edtve. Egyre t\u00f6bb szolnoki c\u00e9g d\u00f6nt a biztons\u00e1gos iratmegsemmis\u00edt\u00e9s mellett, j\u00f3l lehet a lakoss\u00e1gi szelekt\u00edv gy\u0171jt\u00e9s m\u00e9g mindig nem \u00e9rte el a k\u00edv\u00e1nt sz\u00ednvonalat. A k\u00f6zter\u00fcleteken elhelyezett \u00fcveg, pap\u00edr \u00e9s PET palack gy\u0171jt\u0151ket m\u00e9g sokan mindig nem rendeltet\u00e9sszer\u0171en haszn\u00e1lj\u00e1k. J\u00f3 h\u00edr viszont, hogy a vesz\u00e9lyes- emberi eg\u00e9szs\u00e9gre k\u00e1ros, fert\u0151z\u0151 eszk\u00f6z\u00f6k t\u00f6bbs\u00e9ge Szolnokon megb\u00edzhat\u00f3 helyre ker\u00fcl. <\/p>\n<p>-Kozmetikai szalonok, illetve a tetov\u00e1l\u00f3 szalonok veszik \u00e1t, vagy ig\u00e9nylik a g\u00e9zek, illetve a t\u0171knek az elvitele. Ez is jogszab\u00e1lyi k\u00f6telezetts\u00e9g \u00e9s ezt a szolg\u00e1ltat\u00e1si k\u00f6rt is folyamatosan b\u0151v\u00edtj\u00fck.&#8221; &#8211; mondta Lits L\u00e1szl\u00f3 az NHSZ Zounok Zrt. \u00fcgyvezet\u0151- igazgat\u00f3ja.<\/p>\n<p>Az eml\u00edtett hullad\u00e9kok kapcs\u00e1n a legnagyobb k\u00f6r\u00fcltekint\u00e9ssel j\u00e1rnak el.<\/p>\n<p>T\u00f6rv\u00e9nyi k\u00f6telezetts\u00e9g a rendezv\u00e9nyeken un. Mobil wc- kihelyez\u00e9se. De egyre t\u00f6bb szolnoki \u00e9p\u00edtkez\u00e9sen is ig\u00e9nylik a szolg\u00e1ltat\u00e1st.<br \/>-Egyre t\u00f6bb lakoss\u00e1gi ig\u00e9ny van a mobil wc szolg\u00e1ltat\u00e1sunkra \u00e9s most m\u00e1r negyedik \u00e9ve folyamatosan b\u0151v\u00edtj\u00fck ennek a szolg\u00e1ltat\u00e1si szegmens\u00fcnknek a kapacit\u00e1s\u00e1t. Most egy \u00faj g\u00e9pj\u00e1rm\u0171 is beszerz\u00e9sre ker\u00fclt \u00e9s most m\u00e1r a mobil wc darabsz\u00e1mot 140- re emelt\u00fck.&#8221; &#8211; f\u0171zte hozz\u00e1 Lits L\u00e1szl\u00f3.<\/p>\n<p>Ez a 20 darab \u00faj wc ma \u00e9rkezett a c\u00e9g telephely\u00e9re, de hamarosan m\u00e1r m\u00e1r szolg\u00e1latba is \u00e1ll\u00edtj\u00e1k \u0151ket. Az NHSZ Zounok Zrt.  a j\u00f6v\u0151 h\u00e9ten -Kuka kult\u00fara&#8221; akci\u00f3ja keret\u00e9ben ny\u00edlt napot rendez az Auchan melletti hullad\u00e9kudvarban. A lehet\u0151s\u00e9ggel b\u00e1rki \u00e9lhet aki id\u0151ben regisztr\u00e1lja mag\u00e1t az NHSZ honlapj\u00e1n.<\/p>\n<div style=\"width: 640px;\" class=\"wp-video\"><!--[if lt IE 9]><script>document.createElement('video');<\/script><![endif]-->\n<video class=\"wp-video-shortcode\" id=\"video-8880-1\" width=\"640\" height=\"360\" preload=\"metadata\" controls=\"controls\"><source type=\"video\/mp4\" src=\"\/spots\/hir\/hir_180504_04.mp4?_=1\" \/><a href=\"\/spots\/hir\/hir_180504_04.mp4\">\/spots\/hir\/hir_180504_04.mp4<\/a><\/video><\/div>\n","protected":false},"excerpt":{"rendered":"<p>\u00cdme a lej\u00e1rt b\u00edr\u00f3s\u00e1gi \u00fcgyiratok, feldolgoz\u00e1sra el\u0151k\u00e9sz\u00edtve. Egyre t\u00f6bb szolnoki c\u00e9g d\u00f6nt a biztons\u00e1gos iratmegsemmis\u00edt\u00e9s mellett, j\u00f3l lehet a lakoss\u00e1gi szelekt\u00edv gy\u0171jt\u00e9s m\u00e9g mindig nem \u00e9rte el a k\u00edv\u00e1nt sz\u00ednvonalat. A k\u00f6zter\u00fcleteken elhelyezett \u00fcveg, pap\u00edr \u00e9s PET palack gy\u0171jt\u0151ket m\u00e9g sokan mindig nem rendeltet\u00e9sszer\u0171en haszn\u00e1lj\u00e1k. J\u00f3 h\u00edr viszont, hogy a vesz\u00e9lyes- emberi eg\u00e9szs\u00e9gre k\u00e1ros, fert\u0151z\u0151 [&hellip;]<\/p>\n","protected":false},"author":2,"featured_media":0,"comment_status":"closed","ping_status":"closed","sticky":false,"template":"","format":"standard","meta":[],"categories":[9],"tags":[],"_links":{"self":[{"href":"http:\/\/archiv.szolnoktv.hu\/index.php?rest_route=\/wp\/v2\/posts\/8880"}],"collection":[{"href":"http:\/\/archiv.szolnoktv.hu\/index.php?rest_route=\/wp\/v2\/posts"}],"about":[{"href":"http:\/\/archiv.szolnoktv.hu\/index.php?rest_route=\/wp\/v2\/types\/post"}],"author":[{"embeddable":true,"href":"http:\/\/archiv.szolnoktv.hu\/index.php?rest_route=\/wp\/v2\/users\/2"}],"replies":[{"embeddable":true,"href":"http:\/\/archiv.szolnoktv.hu\/index.php?rest_route=%2Fwp%2Fv2%2Fcomments&post=8880"}],"version-history":[{"count":1,"href":"http:\/\/archiv.szolnoktv.hu\/index.php?rest_route=\/wp\/v2\/posts\/8880\/revisions"}],"predecessor-version":[{"id":8913,"href":"http:\/\/archiv.szolnoktv.hu\/index.php?rest_route=\/wp\/v2\/posts\/8880\/revisions\/8913"}],"wp:attachment":[{"href":"http:\/\/archiv.szolnoktv.hu\/index.php?rest_route=%2Fwp%2Fv2%2Fmedia&parent=8880"}],"wp:term":[{"taxonomy":"category","embeddable":true,"href":"http:\/\/archiv.szolnoktv.hu\/index.php?rest_route=%2Fwp%2Fv2%2Fcategories&post=8880"},{"taxonomy":"post_tag","embeddable":true,"href":"http:\/\/archiv.szolnoktv.hu\/index.php?rest_route=%2Fwp%2Fv2%2Ftags&post=8880"}],"curies":[{"name":"wp","href":"https:\/\/api.w.org\/{rel}","templated":true}]}}