{"id":8879,"date":"2018-05-04T18:02:26","date_gmt":"2018-05-04T18:02:26","guid":{"rendered":"http:\/\/archiv.szolnoktv.hu\/?p=8879"},"modified":"2021-08-14T14:01:26","modified_gmt":"2021-08-14T14:01:26","slug":"lanykeres-a-risziben","status":"publish","type":"post","link":"http:\/\/archiv.szolnoktv.hu\/?p=8879","title":{"rendered":"L\u00e1nyk\u00e9r\u00e9s a Risziben"},"content":{"rendered":"<div class='booster-block booster-read-block'><\/div><p>\u00dagy indult a Szolnoki Szolg\u00e1ltat\u00e1si SZC Ruhaipari K\u00f6z\u00e9piskol\u00e1j\u00e1nak idei ballag\u00e1sa is, mint ahogyan minden \u00e9vben szokott. A tagint\u00e9zm\u00e9ny-vezet\u0151 elb\u00facs\u00fazott a 45 v\u00e9gz\u0151s di\u00e1kt\u00f3l, a legjobbak megkapt\u00e1k a nekik j\u00e1r\u00f3 d\u00edjakat. M\u00e1r \u00e9ppen v\u00e9get \u00e9rt volna az \u00fcnneps\u00e9g, amikor v\u00e1ratlan dolog t\u00f6rt\u00e9nt. Hermann Ott\u00f3, a RISZI volt di\u00e1kja l\u00e9pett a mikrofonhoz. A 20 \u00e9ves f\u00e9rfi t\u00e9rden \u00e1llva k\u00e9rte meg szerelme kez\u00e9t. <br \/>Dominika nagyon meglep\u0151d\u00f6tt, mikor megl\u00e1tta p\u00e1rj\u00e1t \u00e9s nem \u00e9rtette mi\u00e9rt h\u00edvja a sz\u00ednpadhoz. \u00c1m hamar kider\u00fclt Ott\u00f3 milyen meglepet\u00e9ssel k\u00e9sz\u00fcl bar\u00e1tn\u0151j\u00e9nek. <br \/>Dominika els\u00edrta mag\u00e1t \u00f6r\u00f6m\u00e9ben. <br \/>Ott\u00f3 hetek \u00f3ta k\u00e9sz\u00fclt a nagy napra. Az iskol\u00e1ban enged\u00e9lyt k\u00e9rt, \u00e9s term\u00e9szetesen a sz\u00fcl\u0151knek is el\u00e1rulta sz\u00e1nd\u00e9kait. <br \/>A fiatal p\u00e1r az esk\u00fcv\u0151 napj\u00e1t m\u00e9g nem t\u0171zte ki, de annyit el\u00e1rultak, min\u00e9l hamarabb szeretn\u00e9k \u00f6sszek\u00f6tni az \u00e9let\u00fcket. <\/p>\n<div style=\"width: 640px;\" class=\"wp-video\"><!--[if lt IE 9]><script>document.createElement('video');<\/script><![endif]-->\n<video class=\"wp-video-shortcode\" id=\"video-8879-1\" width=\"640\" height=\"360\" preload=\"metadata\" controls=\"controls\"><source type=\"video\/mp4\" src=\"\/spots\/hir\/hir_180504_03.mp4?_=1\" \/><a href=\"\/spots\/hir\/hir_180504_03.mp4\">\/spots\/hir\/hir_180504_03.mp4<\/a><\/video><\/div>\n","protected":false},"excerpt":{"rendered":"<p>\u00dagy indult a Szolnoki Szolg\u00e1ltat\u00e1si SZC Ruhaipari K\u00f6z\u00e9piskol\u00e1j\u00e1nak idei ballag\u00e1sa is, mint ahogyan minden \u00e9vben szokott. A tagint\u00e9zm\u00e9ny-vezet\u0151 elb\u00facs\u00fazott a 45 v\u00e9gz\u0151s di\u00e1kt\u00f3l, a legjobbak megkapt\u00e1k a nekik j\u00e1r\u00f3 d\u00edjakat. M\u00e1r \u00e9ppen v\u00e9get \u00e9rt volna az \u00fcnneps\u00e9g, amikor v\u00e1ratlan dolog t\u00f6rt\u00e9nt. Hermann Ott\u00f3, a RISZI volt di\u00e1kja l\u00e9pett a mikrofonhoz. A 20 \u00e9ves f\u00e9rfi t\u00e9rden [&hellip;]<\/p>\n","protected":false},"author":2,"featured_media":0,"comment_status":"closed","ping_status":"closed","sticky":false,"template":"","format":"standard","meta":[],"categories":[9],"tags":[],"_links":{"self":[{"href":"http:\/\/archiv.szolnoktv.hu\/index.php?rest_route=\/wp\/v2\/posts\/8879"}],"collection":[{"href":"http:\/\/archiv.szolnoktv.hu\/index.php?rest_route=\/wp\/v2\/posts"}],"about":[{"href":"http:\/\/archiv.szolnoktv.hu\/index.php?rest_route=\/wp\/v2\/types\/post"}],"author":[{"embeddable":true,"href":"http:\/\/archiv.szolnoktv.hu\/index.php?rest_route=\/wp\/v2\/users\/2"}],"replies":[{"embeddable":true,"href":"http:\/\/archiv.szolnoktv.hu\/index.php?rest_route=%2Fwp%2Fv2%2Fcomments&post=8879"}],"version-history":[{"count":1,"href":"http:\/\/archiv.szolnoktv.hu\/index.php?rest_route=\/wp\/v2\/posts\/8879\/revisions"}],"predecessor-version":[{"id":8914,"href":"http:\/\/archiv.szolnoktv.hu\/index.php?rest_route=\/wp\/v2\/posts\/8879\/revisions\/8914"}],"wp:attachment":[{"href":"http:\/\/archiv.szolnoktv.hu\/index.php?rest_route=%2Fwp%2Fv2%2Fmedia&parent=8879"}],"wp:term":[{"taxonomy":"category","embeddable":true,"href":"http:\/\/archiv.szolnoktv.hu\/index.php?rest_route=%2Fwp%2Fv2%2Fcategories&post=8879"},{"taxonomy":"post_tag","embeddable":true,"href":"http:\/\/archiv.szolnoktv.hu\/index.php?rest_route=%2Fwp%2Fv2%2Ftags&post=8879"}],"curies":[{"name":"wp","href":"https:\/\/api.w.org\/{rel}","templated":true}]}}