{"id":8878,"date":"2018-05-04T17:59:09","date_gmt":"2018-05-04T17:59:09","guid":{"rendered":"http:\/\/archiv.szolnoktv.hu\/?p=8878"},"modified":"2021-08-14T14:01:26","modified_gmt":"2021-08-14T14:01:26","slug":"95-eves-nenit-koszontottek","status":"publish","type":"post","link":"http:\/\/archiv.szolnoktv.hu\/?p=8878","title":{"rendered":"95 \u00e9ves n\u00e9nit k\u00f6sz\u00f6nt\u00f6ttek"},"content":{"rendered":"<div class='booster-block booster-read-block'><\/div><p>Vir\u00e1ggal, eml\u00e9klappal \u00e9s tort\u00e1val k\u00f6sz\u00f6nt\u00f6tte 95 \u00e9ves sz\u00fclet\u00e9snapja alakalm\u00e1b\u00f3l a v\u00e1ros k\u00e9pviselet\u00e9ben Zorn\u00e1nszki Ildik\u00f3 oszt\u00e1lyvezet\u0151 Oszl\u00e1r Boldizs\u00e1rn\u00e9t. Az \u00fcnnepelt egy 6 gyermekes csal\u00e1d legkisebbjek\u00e9nt l\u00e1tta meg a napvil\u00e1got 1923. m\u00e1jus 5-\u00e9n. Margit n\u00e9ni mindig szorgalmas volt a tanul\u00e1sban \u00e9s a munk\u00e1ban is. 15 \u00e9ves kor\u00e1ban kezdett el dolgozni \u00e9desapj\u00e1val \u00e9s b\u00e1ty\u00e1val.<\/p>\n<p>-\u00c9desap\u00e1mnak mindig \u00e9n voltam kint a munk\u00e1sa kint a tall\u00f3n. \u00c9n adogattam vill\u00e1val f\u00f6l a kocsira a k\u00e9v\u00e9ket. Mikor megrakta, mindig azt mondta: no kisl\u00e1nyom el\u00f6lr\u0151l van tudod a nagy k\u00f6t\u00e9l, most el\u00f6lr\u0151l dobd h\u00e1tra. J\u00f3l csimpaszkodj bele \u00e9s h\u00fazd meg j\u00f3l \u00e9s a m\u00e1sikat is \u00e9s a vend\u00e9goldalr\u00f3l lek\u00f6t\u00f6ttem. Nem d\u0151lt\u00fcnk fel soha sem ak\u00e1r mekkora t\u00e1vols\u00e1gra ment\u00fcnk.&#8221;- mes\u00e9lte Oszl\u00e1r Boldizs\u00e1rn\u00e9. <\/p>\n<p>Margit n\u00e9ni sz\u00f3rakozni is szeretett. Vas\u00e1rnaponk\u00e9nt d\u00e9lel\u0151tt templomi mis\u00e9re j\u00e1rtak csal\u00e1dj\u00e1val, este pedig b\u00e1lban t\u00e1ncoltak. Az \u00fcnnepelt ma is j\u00f3 eg\u00e9szs\u00e9gnek \u00f6rved, ez\u00e9rt napjait m\u00e9g mindig meghat\u00e1rozza a mozg\u00e1s \u00e9s kisebb munk\u00e1k elv\u00e9gz\u00e9se, melyekben l\u00e1nya \u00e9s unok\u00e1i seg\u00edtik. <\/p>\n<p>-Margitja l\u00e1nyom itt van \u00e9s seg\u00edt nekem  &#8211;   ahol s\u00fct a nap, meg fa is van, hogy \u00e1rny\u00e9k is legyen- kiviszi a sz\u00e9ket nekem, karon fog \u00e9s kivezet. Mert most m\u00e1r egyed\u00fcl nem merek elindulni Ott bele\u00fcl\u00f6k a sz\u00e9kbe \u00e9s n\u00e9zek sz\u00e9pen. Gy\u00f6ny\u00f6rk\u00f6d\u00f6k mindenbe, amit megl\u00e1tok, hogy ezt is csin\u00e1ltuk, azt is.&#8221;- tette hozz\u00e1 a sz\u00fclet\u00e9snapos.<\/p>\n<p>A 95 \u00e9ves Margit n\u00e9ni szerint fiatals\u00e1g\u00e1t \u00e9s eg\u00e9szs\u00e9g\u00e9t a gyerekkor\u00e1t\u00f3l v\u00e9gzett munk\u00e1nak \u00e9s \u00f6sszetart\u00f3 csal\u00e1dj\u00e1nak k\u00f6sz\u00f6nheti.&#8221;<br \/>\n<br \/>\n<div style=\"width: 640px;\" class=\"wp-video\"><!--[if lt IE 9]><script>document.createElement('video');<\/script><![endif]-->\n<video class=\"wp-video-shortcode\" id=\"video-8878-1\" width=\"640\" height=\"360\" preload=\"metadata\" controls=\"controls\"><source type=\"video\/mp4\" src=\"\/spots\/hir\/hir_180504_02.mp4?_=1\" \/><a href=\"\/spots\/hir\/hir_180504_02.mp4\">\/spots\/hir\/hir_180504_02.mp4<\/a><\/video><\/div><\/p>\n","protected":false},"excerpt":{"rendered":"<p>Vir\u00e1ggal, eml\u00e9klappal \u00e9s tort\u00e1val k\u00f6sz\u00f6nt\u00f6tte 95 \u00e9ves sz\u00fclet\u00e9snapja alakalm\u00e1b\u00f3l a v\u00e1ros k\u00e9pviselet\u00e9ben Zorn\u00e1nszki Ildik\u00f3 oszt\u00e1lyvezet\u0151 Oszl\u00e1r Boldizs\u00e1rn\u00e9t. Az \u00fcnnepelt egy 6 gyermekes csal\u00e1d legkisebbjek\u00e9nt l\u00e1tta meg a napvil\u00e1got 1923. m\u00e1jus 5-\u00e9n. Margit n\u00e9ni mindig szorgalmas volt a tanul\u00e1sban \u00e9s a munk\u00e1ban is. 15 \u00e9ves kor\u00e1ban kezdett el dolgozni \u00e9desapj\u00e1val \u00e9s b\u00e1ty\u00e1val. -\u00c9desap\u00e1mnak mindig \u00e9n voltam [&hellip;]<\/p>\n","protected":false},"author":2,"featured_media":0,"comment_status":"closed","ping_status":"closed","sticky":false,"template":"","format":"standard","meta":[],"categories":[9],"tags":[],"_links":{"self":[{"href":"http:\/\/archiv.szolnoktv.hu\/index.php?rest_route=\/wp\/v2\/posts\/8878"}],"collection":[{"href":"http:\/\/archiv.szolnoktv.hu\/index.php?rest_route=\/wp\/v2\/posts"}],"about":[{"href":"http:\/\/archiv.szolnoktv.hu\/index.php?rest_route=\/wp\/v2\/types\/post"}],"author":[{"embeddable":true,"href":"http:\/\/archiv.szolnoktv.hu\/index.php?rest_route=\/wp\/v2\/users\/2"}],"replies":[{"embeddable":true,"href":"http:\/\/archiv.szolnoktv.hu\/index.php?rest_route=%2Fwp%2Fv2%2Fcomments&post=8878"}],"version-history":[{"count":1,"href":"http:\/\/archiv.szolnoktv.hu\/index.php?rest_route=\/wp\/v2\/posts\/8878\/revisions"}],"predecessor-version":[{"id":8915,"href":"http:\/\/archiv.szolnoktv.hu\/index.php?rest_route=\/wp\/v2\/posts\/8878\/revisions\/8915"}],"wp:attachment":[{"href":"http:\/\/archiv.szolnoktv.hu\/index.php?rest_route=%2Fwp%2Fv2%2Fmedia&parent=8878"}],"wp:term":[{"taxonomy":"category","embeddable":true,"href":"http:\/\/archiv.szolnoktv.hu\/index.php?rest_route=%2Fwp%2Fv2%2Fcategories&post=8878"},{"taxonomy":"post_tag","embeddable":true,"href":"http:\/\/archiv.szolnoktv.hu\/index.php?rest_route=%2Fwp%2Fv2%2Ftags&post=8878"}],"curies":[{"name":"wp","href":"https:\/\/api.w.org\/{rel}","templated":true}]}}