{"id":8877,"date":"2018-05-04T17:54:35","date_gmt":"2018-05-04T17:54:35","guid":{"rendered":"http:\/\/archiv.szolnoktv.hu\/?p=8877"},"modified":"2021-08-14T14:01:26","modified_gmt":"2021-08-14T14:01:26","slug":"felujitottak-a-tuzoltokocsikat","status":"publish","type":"post","link":"http:\/\/archiv.szolnoktv.hu\/?p=8877","title":{"rendered":"Fel\u00faj\u00edtott\u00e1k a t\u0171zolt\u00f3kocsikat"},"content":{"rendered":"<div class='booster-block booster-read-block'><\/div><p>Az egyik b\u00fcszkes\u00e9g\u00e9t, a nemr\u00e9g restaur\u00e1lt t\u0171zolt\u00f3 kocsifecskend\u0151 t\u00f6ml\u0151j\u00e9t mutatja a fel\u00faj\u00edt\u00e1s vezet\u0151je. Bal\u00e1zs Antal azt mondja: a h\u00e1rom 19. sz\u00e1zadi eszk\u00f6z helyre\u00e1ll\u00edt\u00e1sa k\u00fcl\u00f6nleges munka volt, mert az utols\u00f3 csavarig sz\u00e9tszedt\u00e9k a j\u00e1rm\u0171veket \u00e9s a korh\u0171, eredeti \u00e1llapotukat \u00e1ll\u00edtott\u00e1k vissza. <\/p>\n<p>Bal\u00e1zs Antal, a restaur\u00e1ci\u00f3 vezet\u0151je elmondta &#8211; -Mi mindent lebontottunk r\u00f3luk, ami felesleges volt \u00e9s az eredeti sz\u00edneket megkerest\u00fck. Ut\u00e1na azokat a sz\u00edneket vitt\u00fck vissza, ami eredetileg volt. Ez a szer 7-800 \u00f3ra volt, a Kajla a k\u00f6z\u00e9ps\u0151 az 180, az utols\u00f3 pedig 410 \u00f3ra volt.&#8221;<\/p>\n<p>A restaur\u00e1l\u00e1s 7 szakember t\u00f6bb mint 1 \u00e9vi munk\u00e1j\u00e1t vette ig\u00e9nybe. A projekten dolgoz\u00f3k a h\u00e1rom j\u00e1rm\u0171vet el is nevezt\u00e9k, \u00edgy kapta a Budapesten Sternberg \u00e9s K\u00e1lm\u00e1n m\u0171hely\u00e9ben k\u00e9sz\u00fclt z\u00f6ld sz\u00edn\u0171 j\u00e1rm\u0171 a Sz\u00f6cske, a k\u00e9tkerek\u0171 a Kajla, \u00e9s a R\u00e1baszentmih\u00e1lyi kocsi a Violetta nevet.  <\/p>\n<p>R\u00e1k\u00f3czifalv\u00e1n 2017-ben kezd\u0151d\u00f6tt a t\u0171zolt\u00f3szerkocsik restaur\u00e1l\u00e1sa az \u00f6nkorm\u00e1nyzat \u00e9s a helyi szoci\u00e1lis sz\u00f6vetkezet egy\u00fcttm\u0171k\u00f6d\u00e9s\u00e9ben. Az els\u0151 megb\u00edz\u00e1sok a v\u00e1ros testv\u00e9rtelep\u00fcl\u00e9s\u00e9r\u0151l, Szalacsr\u00f3l \u00e9rkeztek. A most bemutatott szerkocsik egyike a partiumi k\u00f6zs\u00e9gben lesz ki\u00e1ll\u00edtva, illetve ma is \u00e9rkezett onnan egy kocsi fel\u00faj\u00edt\u00e1sra. A R\u00e1k\u00f3czifalv\u00e1n marad\u00f3 k\u00e9t j\u00e1rm\u0171 egyel\u0151re a macim\u00fazeum udvar\u00e1n l\u00e1that\u00f3. <\/p>\n<p>-A j\u00f6v\u0151beni c\u00e9lunk az, hogy egy \u00f6n\u00e1ll\u00f3 ki\u00e1ll\u00edt\u00e1st tudjunk rendezni, egy \u00f6n\u00e1ll\u00f3 ki\u00e1ll\u00edt\u00f3 helyet tudjunk kialak\u00edtani ezeknek az eszk\u00f6z\u00f6knek \u00e9s h\u00e1t minden m\u00e1s t\u0171zolt\u00e1ssal, t\u0171zolt\u00f3s\u00e1ggal kapcsolatos eszk\u00f6znek. A szalacsi t\u0171zolt\u00f3szer pedig a mai napon visszaker\u00fcl a sz\u00e1rmaz\u00e1si telep\u00fcl\u00e9s\u00e9re Szalacsra.&#8221;  &#8211;   folytatta K\u00f3sa Lajos polg\u00e1rmester<\/p>\n<p>A tervek szerint nem csak r\u00e1baszentmih\u00e1lyi adom\u00e1ny, valamint a r\u00e1k\u00f3czifalv\u00e1r\u00f3l sz\u00e1rmaz\u00f3 kocsi alkotja majd az \u00e1lland\u00f3 ki\u00e1ll\u00edt\u00e1s anyag\u00e1t, ugyanis a telep\u00fcl\u00e9sen tov\u00e1bbi 20 t\u0171zolt\u00f3szerkocsi v\u00e1r restaur\u00e1l\u00e1sra.<br \/>\n<br \/>\n<div style=\"width: 640px;\" class=\"wp-video\"><!--[if lt IE 9]><script>document.createElement('video');<\/script><![endif]-->\n<video class=\"wp-video-shortcode\" id=\"video-8877-1\" width=\"640\" height=\"360\" preload=\"metadata\" controls=\"controls\"><source type=\"video\/mp4\" src=\"\/spots\/hir\/hir_180504_01.mp4?_=1\" \/><a href=\"\/spots\/hir\/hir_180504_01.mp4\">\/spots\/hir\/hir_180504_01.mp4<\/a><\/video><\/div><\/p>\n","protected":false},"excerpt":{"rendered":"<p>Az egyik b\u00fcszkes\u00e9g\u00e9t, a nemr\u00e9g restaur\u00e1lt t\u0171zolt\u00f3 kocsifecskend\u0151 t\u00f6ml\u0151j\u00e9t mutatja a fel\u00faj\u00edt\u00e1s vezet\u0151je. Bal\u00e1zs Antal azt mondja: a h\u00e1rom 19. sz\u00e1zadi eszk\u00f6z helyre\u00e1ll\u00edt\u00e1sa k\u00fcl\u00f6nleges munka volt, mert az utols\u00f3 csavarig sz\u00e9tszedt\u00e9k a j\u00e1rm\u0171veket \u00e9s a korh\u0171, eredeti \u00e1llapotukat \u00e1ll\u00edtott\u00e1k vissza. Bal\u00e1zs Antal, a restaur\u00e1ci\u00f3 vezet\u0151je elmondta &#8211; -Mi mindent lebontottunk r\u00f3luk, ami felesleges volt \u00e9s [&hellip;]<\/p>\n","protected":false},"author":2,"featured_media":0,"comment_status":"closed","ping_status":"closed","sticky":false,"template":"","format":"standard","meta":[],"categories":[9],"tags":[],"_links":{"self":[{"href":"http:\/\/archiv.szolnoktv.hu\/index.php?rest_route=\/wp\/v2\/posts\/8877"}],"collection":[{"href":"http:\/\/archiv.szolnoktv.hu\/index.php?rest_route=\/wp\/v2\/posts"}],"about":[{"href":"http:\/\/archiv.szolnoktv.hu\/index.php?rest_route=\/wp\/v2\/types\/post"}],"author":[{"embeddable":true,"href":"http:\/\/archiv.szolnoktv.hu\/index.php?rest_route=\/wp\/v2\/users\/2"}],"replies":[{"embeddable":true,"href":"http:\/\/archiv.szolnoktv.hu\/index.php?rest_route=%2Fwp%2Fv2%2Fcomments&post=8877"}],"version-history":[{"count":1,"href":"http:\/\/archiv.szolnoktv.hu\/index.php?rest_route=\/wp\/v2\/posts\/8877\/revisions"}],"predecessor-version":[{"id":8916,"href":"http:\/\/archiv.szolnoktv.hu\/index.php?rest_route=\/wp\/v2\/posts\/8877\/revisions\/8916"}],"wp:attachment":[{"href":"http:\/\/archiv.szolnoktv.hu\/index.php?rest_route=%2Fwp%2Fv2%2Fmedia&parent=8877"}],"wp:term":[{"taxonomy":"category","embeddable":true,"href":"http:\/\/archiv.szolnoktv.hu\/index.php?rest_route=%2Fwp%2Fv2%2Fcategories&post=8877"},{"taxonomy":"post_tag","embeddable":true,"href":"http:\/\/archiv.szolnoktv.hu\/index.php?rest_route=%2Fwp%2Fv2%2Ftags&post=8877"}],"curies":[{"name":"wp","href":"https:\/\/api.w.org\/{rel}","templated":true}]}}