{"id":8876,"date":"2018-05-03T19:07:11","date_gmt":"2018-05-03T19:07:11","guid":{"rendered":"http:\/\/archiv.szolnoktv.hu\/?p=8876"},"modified":"2021-08-14T14:01:27","modified_gmt":"2021-08-14T14:01:27","slug":"punkosdre-elkeszul-a-32-es-felujitasa","status":"publish","type":"post","link":"http:\/\/archiv.szolnoktv.hu\/?p=8876","title":{"rendered":"P\u00fcnk\u00f6sdre elk\u00e9sz\u00fcl a 32-es fel\u00faj\u00edt\u00e1sa"},"content":{"rendered":"<div class='booster-block booster-read-block'><\/div><p>&#8216;<\/p>\n<p>M\u00e1r forgalmi korl\u00e1toz\u00e1s n\u00e9lk\u00fcl haladnak az aut\u00f3k a 32-es Abony \u00e9s Szolnok k\u00f6z\u00f6tti szakasz\u00e1n. Az \u00fattest 3,3 km-es szakasz\u00e1nak fel\u00faj\u00edt\u00e1sa m\u00e1rciusban kezd\u0151d\u00f6tt mintegy 200 milli\u00f3 forintb\u00f3l. A kivitelez\u0151nek m\u00e9g 2 hete van a munka befejez\u00e9s\u00e9re.<\/p>\n<p> -A busz\u00f6bl\u00f6ket holnap fogja aszfaltozni, a teljes burkolat aszfaltoz\u00e1sa m\u00e1r megt\u00f6rt\u00e9nt, volt ahol csak egy r\u00e9tegben, ahol sz\u00fcks\u00e9ges ott k\u00e9t r\u00e9tegben mart\u00e1k fel az elhaszn\u00e1l\u00f3dott burkolatot. Ami m\u00e9g h\u00e1tra van az a padk\u00e1k elk\u00e9sz\u00edt\u00e9se, illetve a forgalomtechnikai jelz\u00e9sek kihelyez\u00e9se.&#8221;  &#8211; mondta V\u00e1ntsa Zolt\u00e1n, a Magyar K\u00f6z\u00fat Nonprofit Zrt megyei igazgat\u00f3ja<\/p>\n<p>A szolnoki vas\u00fati fel\u00fclj\u00e1r\u00f3 \u00e9s az elker\u00fcl\u0151 felhajt\u00f3ja k\u00f6z\u00f6tti szakasz busz\u00f6bleinek kialak\u00edt\u00e1sa ut\u00e1n a kivitelez\u0151 a jelz\u0151t\u00e1bl\u00e1kat, a burkolatfest\u00e9seket \u00e9s prizm\u00e1kat is felfesti, illetve fel\u00e1ll\u00edtja az \u00fat ment\u00e9n. A beruh\u00e1z\u00e1s a kedvez\u0151 id\u0151j\u00e1r\u00e1s miatt j\u00f3 \u00fctemben haladt. <\/p>\n<p>V\u00e1ntsa Zolt\u00e1n al\u00e1h\u00fazta &#8211; -Ebben a munk\u00e1ban egy\u00e1ltal\u00e1n nem voltak probl\u00e9m\u00e1k, h\u00e1l&#038;#8217<br \/><\/p>\n","protected":false},"excerpt":{"rendered":"<p>&#8216; M\u00e1r forgalmi korl\u00e1toz\u00e1s n\u00e9lk\u00fcl haladnak az aut\u00f3k a 32-es Abony \u00e9s Szolnok k\u00f6z\u00f6tti szakasz\u00e1n. Az \u00fattest 3,3 km-es szakasz\u00e1nak fel\u00faj\u00edt\u00e1sa m\u00e1rciusban kezd\u0151d\u00f6tt mintegy 200 milli\u00f3 forintb\u00f3l. A kivitelez\u0151nek m\u00e9g 2 hete van a munka befejez\u00e9s\u00e9re. -A busz\u00f6bl\u00f6ket holnap fogja aszfaltozni, a teljes burkolat aszfaltoz\u00e1sa m\u00e1r megt\u00f6rt\u00e9nt, volt ahol csak egy r\u00e9tegben, ahol sz\u00fcks\u00e9ges ott [&hellip;]<\/p>\n","protected":false},"author":2,"featured_media":0,"comment_status":"closed","ping_status":"closed","sticky":false,"template":"","format":"standard","meta":[],"categories":[9],"tags":[],"_links":{"self":[{"href":"http:\/\/archiv.szolnoktv.hu\/index.php?rest_route=\/wp\/v2\/posts\/8876"}],"collection":[{"href":"http:\/\/archiv.szolnoktv.hu\/index.php?rest_route=\/wp\/v2\/posts"}],"about":[{"href":"http:\/\/archiv.szolnoktv.hu\/index.php?rest_route=\/wp\/v2\/types\/post"}],"author":[{"embeddable":true,"href":"http:\/\/archiv.szolnoktv.hu\/index.php?rest_route=\/wp\/v2\/users\/2"}],"replies":[{"embeddable":true,"href":"http:\/\/archiv.szolnoktv.hu\/index.php?rest_route=%2Fwp%2Fv2%2Fcomments&post=8876"}],"version-history":[{"count":1,"href":"http:\/\/archiv.szolnoktv.hu\/index.php?rest_route=\/wp\/v2\/posts\/8876\/revisions"}],"predecessor-version":[{"id":8917,"href":"http:\/\/archiv.szolnoktv.hu\/index.php?rest_route=\/wp\/v2\/posts\/8876\/revisions\/8917"}],"wp:attachment":[{"href":"http:\/\/archiv.szolnoktv.hu\/index.php?rest_route=%2Fwp%2Fv2%2Fmedia&parent=8876"}],"wp:term":[{"taxonomy":"category","embeddable":true,"href":"http:\/\/archiv.szolnoktv.hu\/index.php?rest_route=%2Fwp%2Fv2%2Fcategories&post=8876"},{"taxonomy":"post_tag","embeddable":true,"href":"http:\/\/archiv.szolnoktv.hu\/index.php?rest_route=%2Fwp%2Fv2%2Ftags&post=8876"}],"curies":[{"name":"wp","href":"https:\/\/api.w.org\/{rel}","templated":true}]}}