{"id":8875,"date":"2018-05-03T19:03:51","date_gmt":"2018-05-03T19:03:51","guid":{"rendered":"http:\/\/archiv.szolnoktv.hu\/?p=8875"},"modified":"2021-08-14T14:01:27","modified_gmt":"2021-08-14T14:01:27","slug":"a-szolnoki-lehet-az-ev-korforgalma","status":"publish","type":"post","link":"http:\/\/archiv.szolnoktv.hu\/?p=8875","title":{"rendered":"A szolnoki lehet az \u00e9v k\u00f6rforgalma"},"content":{"rendered":"<div class='booster-block booster-read-block'><\/div><p>Magyar K\u00f6z\u00fat Nonprofit Zrt.  a K\u00f6zleked\u00e9studom\u00e1nyi Egyes\u00fclet K\u00f6zleked\u00e9sbiztons\u00e1gi Tagozat\u00e1val kar\u00f6ltve a K\u00f6zleked\u00e9si Kult\u00fara Napja rendezv\u00e9nysorozat keret\u00e9ben hirdette meg az \u00c9v k\u00f6rforgalma p\u00e1ly\u00e1zatot. <\/p>\n<p>-A p\u00e1ly\u00e1zati felt\u00e9teleknek tervez\u0151k, kezel\u0151szervezetek p\u00e1ly\u00e1zhattak, \u00e9s mi a Magyar K\u00f6z\u00fat megyei igazgat\u00f3s\u00e1g\u00e1nak az\u00e9rt esett erre a k\u00f6rforgalomra  a v\u00e1laszt\u00e1sa, mert \u00fagy gondoltuk, hogy minden el\u0151\u00edrt krit\u00e9riumnak megfelel.&#8221; &#8211; mondta  Litkei B\u00e1lint, oszt\u00e1lyvezet\u0151.<\/p>\n<p>Az eszt\u00e9tikus tervez\u00e9s, a k\u00f6rforgalom m\u0171t\u00e1rgyai, az \u00fath\u00e1l\u00f3zat \u00f6sszhangja, a gyalogos- \u00e9s ker\u00e9kp\u00e1ros-\u00e1tvezet\u00e9sek kialak\u00edt\u00e1sa. &#8211; \u00e9rt\u00e9kel\u00e9skor ezeket a szempontokat veszik figyelembe. Emellett jelent\u0151s kit\u00e9tel a k\u00f6zleked\u00e9sbiztons\u00e1g is. Ugyanis, ha a k\u00f6rforgalomban, annak ki- \u00e9s bel\u00e9p\u00e9si pontjain az elm\u00falt h\u00e1rom \u00e9vben legal\u00e1bb h\u00e1rom szem\u00e9lyi s\u00e9r\u00fcl\u00e9ses baleset t\u00f6rt\u00e9nt, akkor a l\u00e9tes\u00edtm\u00e9ny nem kaphat elismer\u00e9st. <\/p>\n<p>-K\u00fcl\u00f6nb\u00f6z\u0151 szakmai szervezetekb\u0151l , akik a k\u00f6zleked\u00e9si kult\u00fara napj\u00e1t is \u00e9letre h\u00edvt\u00e1k a k\u00fcl\u00f6nb\u00f6z\u0151 szervezetekb\u0151l \u00f6ssze\u00e1ll\u00f3 bizotts\u00e1g b\u00edr\u00e1lja el, hogy mely k\u00f6rforgalmak kaphatj\u00e1k meg ezt a c\u00edmet. &#8211;<\/p>\n<p>A p\u00e1ly\u00e1zatok elb\u00edr\u00e1l\u00e1s\u00e1nak hat\u00e1rideje m\u00e1jus 8. Az \u00fcnnep\u00e9lyes eredm\u00e9nyhirdet\u00e9st m\u00e1jus 11-\u00e9n tartj\u00e1k. A gy\u0151ztes k\u00f6rforgalomban eml\u00e9kt\u00e1bl\u00e1t helyeznek majd el. Tervez\u0151je, kivitelez\u0151je pedig oklev\u00e9lben r\u00e9szes\u00fcl. <\/p>\n<div style=\"width: 640px;\" class=\"wp-video\"><!--[if lt IE 9]><script>document.createElement('video');<\/script><![endif]-->\n<video class=\"wp-video-shortcode\" id=\"video-8875-1\" width=\"640\" height=\"360\" preload=\"metadata\" controls=\"controls\"><source type=\"video\/mp4\" src=\"\/spots\/hir\/hir_180503_06.mp4?_=1\" \/><a href=\"\/spots\/hir\/hir_180503_06.mp4\">\/spots\/hir\/hir_180503_06.mp4<\/a><\/video><\/div>\n","protected":false},"excerpt":{"rendered":"<p>Magyar K\u00f6z\u00fat Nonprofit Zrt. a K\u00f6zleked\u00e9studom\u00e1nyi Egyes\u00fclet K\u00f6zleked\u00e9sbiztons\u00e1gi Tagozat\u00e1val kar\u00f6ltve a K\u00f6zleked\u00e9si Kult\u00fara Napja rendezv\u00e9nysorozat keret\u00e9ben hirdette meg az \u00c9v k\u00f6rforgalma p\u00e1ly\u00e1zatot. -A p\u00e1ly\u00e1zati felt\u00e9teleknek tervez\u0151k, kezel\u0151szervezetek p\u00e1ly\u00e1zhattak, \u00e9s mi a Magyar K\u00f6z\u00fat megyei igazgat\u00f3s\u00e1g\u00e1nak az\u00e9rt esett erre a k\u00f6rforgalomra a v\u00e1laszt\u00e1sa, mert \u00fagy gondoltuk, hogy minden el\u0151\u00edrt krit\u00e9riumnak megfelel.&#8221; &#8211; mondta Litkei B\u00e1lint, oszt\u00e1lyvezet\u0151. [&hellip;]<\/p>\n","protected":false},"author":2,"featured_media":0,"comment_status":"closed","ping_status":"closed","sticky":false,"template":"","format":"standard","meta":[],"categories":[9],"tags":[],"_links":{"self":[{"href":"http:\/\/archiv.szolnoktv.hu\/index.php?rest_route=\/wp\/v2\/posts\/8875"}],"collection":[{"href":"http:\/\/archiv.szolnoktv.hu\/index.php?rest_route=\/wp\/v2\/posts"}],"about":[{"href":"http:\/\/archiv.szolnoktv.hu\/index.php?rest_route=\/wp\/v2\/types\/post"}],"author":[{"embeddable":true,"href":"http:\/\/archiv.szolnoktv.hu\/index.php?rest_route=\/wp\/v2\/users\/2"}],"replies":[{"embeddable":true,"href":"http:\/\/archiv.szolnoktv.hu\/index.php?rest_route=%2Fwp%2Fv2%2Fcomments&post=8875"}],"version-history":[{"count":1,"href":"http:\/\/archiv.szolnoktv.hu\/index.php?rest_route=\/wp\/v2\/posts\/8875\/revisions"}],"predecessor-version":[{"id":8918,"href":"http:\/\/archiv.szolnoktv.hu\/index.php?rest_route=\/wp\/v2\/posts\/8875\/revisions\/8918"}],"wp:attachment":[{"href":"http:\/\/archiv.szolnoktv.hu\/index.php?rest_route=%2Fwp%2Fv2%2Fmedia&parent=8875"}],"wp:term":[{"taxonomy":"category","embeddable":true,"href":"http:\/\/archiv.szolnoktv.hu\/index.php?rest_route=%2Fwp%2Fv2%2Fcategories&post=8875"},{"taxonomy":"post_tag","embeddable":true,"href":"http:\/\/archiv.szolnoktv.hu\/index.php?rest_route=%2Fwp%2Fv2%2Ftags&post=8875"}],"curies":[{"name":"wp","href":"https:\/\/api.w.org\/{rel}","templated":true}]}}