{"id":8874,"date":"2018-05-03T17:34:34","date_gmt":"2018-05-03T17:34:34","guid":{"rendered":"http:\/\/archiv.szolnoktv.hu\/?p=8874"},"modified":"2021-08-14T14:01:27","modified_gmt":"2021-08-14T14:01:27","slug":"olvasom-a-bukkot-toth-laszlo-filmje","status":"publish","type":"post","link":"http:\/\/archiv.szolnoktv.hu\/?p=8874","title":{"rendered":"-Olvasom a b\u00fckk\u00f6t&#8221;  &#8211;   T\u00f3th L\u00e1szl\u00f3 filmje"},"content":{"rendered":"<div class='booster-block booster-read-block'><\/div><p>Egy szolnoki v\u00e1lyogh\u00e1z padl\u00e1s\u00e1n tal\u00e1lta T\u00f3th L\u00e1szl\u00f3 azt a k\u00f6nyvet, amely az -Olvasom a b\u00fckk\u00f6t&#8221; c\u00edm\u0171 filmj\u00e9t ihlette. A 13 \u00e9vvel ezel\u0151tt fellelt k\u00f6tet a Pesti H\u00edrlap teljes, 1933-as \u00e9vfolyam\u00e1t tartalmazta \u00e9s a decemberi kiad\u00e1sban Rapaics Rajmund a b\u00fckkf\u00e1r\u00f3l \u00edrt.   <\/p>\n<p>-Azt szerettem volna \u00fctk\u00f6ztetni, hogy egy 1933-as cikk, amiben teljesen mindegy, hogy mir\u0151l van sz\u00f3  &#8211;  speciel itt a b\u00fckkf\u00e1r\u00f3l-, hogyan tal\u00e1lkozik a mai egyr\u00e9szt a tudom\u00e1nyos \u00e9s az \u00e1ltal\u00e1nos elfogadott v\u00e9lem\u00e9nyekkel.&#8221;  &#8211;   mondta T\u00f3th L\u00e1szl\u00f3 <\/p>\n<p>A m\u00falt sz\u00e1zad eleji biol\u00f3gus t\u00f6bb olyan, m\u00e1ra feled\u00e9sbe mer\u00fclt t\u00e9nyt \u00e9s \u00e9rdekess\u00e9get k\u00f6z\u00f6l \u00edr\u00e1s\u00e1ban meseszer\u0171en a f\u00e1r\u00f3l, amelyek m\u00e1ra feled\u00e9sbe mer\u00fcltek. Ezekb\u0151l kiindulva T\u00f3th L\u00e1szl\u00f3 filmj\u00e9ben a t\u00f6bbi k\u00f6z\u00f6tt sz\u00f3 van arr\u00f3l, hogy ami az \u00f3kori Egyiptomban a papirusz, az az eur\u00f3pai n\u00e9peknek a b\u00fckkfa k\u00e9rge volt. Emellett az is kider\u00fcl, hogy \u0151seink v\u00e1ndorl\u00e1saik sor\u00e1n el\u0151sz\u00f6r a K\u00e1rp\u00e1t-medenc\u00e9ben ker\u00fcltek kapcsolatba ezzel a n\u00f6v\u00e9nyfajt\u00e1val, amire a magyarban haszn\u00e1lt n\u00e9met eredet\u0171 elnevez\u00e9s is utal. <\/p>\n<p>A filmben az erd\u0151m\u00e9rn\u00f6ki szakm\u00e1t D\u00f3sa Gyula \u00e9s t\u00e1rsai jelen\u00edtik meg, illetve t\u00f6bb szolnoki, vagy szolnoki k\u00f6t\u0151d\u00e9s\u0171 m\u0171v\u00e9sz, p\u00e9ld\u00e1ul Varga Erik narr\u00e1tork\u00e9nt, Ill\u00e9s Anna pedig \u00e9nekesk\u00e9nt m\u0171k\u00f6d\u00f6tt k\u00f6zre.<\/p>\n<p>-Varga Erik k\u00e9pz\u0151m\u0171v\u00e9sz, aki megszem\u00e9lyes\u00edti Rapaics Rajmundot a k\u00fcl\u00f6nb\u00f6z\u0151 k\u00f6zj\u00e1t\u00e9kokkal a fimben. Van Ill\u00e9s Anna egy fiatal, Erd\u00e9lyb\u0151l \u00e1ttelep\u00fclt \u00e9nekes, n\u00e9pdal\u00e9nekes h\u00f6lgy, aki az Any\u00e1m \u00e9s nyulam zenekarban is \u00e9nekelt, Ront\u00f3 Guszti \u00edrta a zen\u00e9t.&#8221;  &#8211;   mondta a filmes<\/p>\n<p>T\u00f3th L\u00e1szl\u00f3 a filmmel p\u00e1ly\u00e1zott a G\u00f6d\u00f6ll\u0151i Nemzetk\u00f6zi Term\u00e9szetfilm Fesztiv\u00e1lra, ahol 1500 film k\u00f6z\u00fcl kiv\u00e1lasztva m\u00e1r biztos, hogy bemutatj\u00e1k majd az alkot\u00e1st. Emellett a filmes szeretn\u00e9, ha telev\u00edzi\u00f3s csatorn\u00e1k is m\u0171sorra t\u0171zn\u00e9k a mintegy 21 perces filmet, amely v\u00e1rhat\u00f3an k\u00e9s\u0151bb a legnagyobb internetes megoszt\u00f3ra is felker\u00fcl.<\/p>\n<div style=\"width: 640px;\" class=\"wp-video\"><!--[if lt IE 9]><script>document.createElement('video');<\/script><![endif]-->\n<video class=\"wp-video-shortcode\" id=\"video-8874-1\" width=\"640\" height=\"360\" preload=\"metadata\" controls=\"controls\"><source type=\"video\/mp4\" src=\"\/spots\/hir\/hir_180503_02.mp4?_=1\" \/><a href=\"\/spots\/hir\/hir_180503_02.mp4\">\/spots\/hir\/hir_180503_02.mp4<\/a><\/video><\/div>\n","protected":false},"excerpt":{"rendered":"<p>Egy szolnoki v\u00e1lyogh\u00e1z padl\u00e1s\u00e1n tal\u00e1lta T\u00f3th L\u00e1szl\u00f3 azt a k\u00f6nyvet, amely az -Olvasom a b\u00fckk\u00f6t&#8221; c\u00edm\u0171 filmj\u00e9t ihlette. A 13 \u00e9vvel ezel\u0151tt fellelt k\u00f6tet a Pesti H\u00edrlap teljes, 1933-as \u00e9vfolyam\u00e1t tartalmazta \u00e9s a decemberi kiad\u00e1sban Rapaics Rajmund a b\u00fckkf\u00e1r\u00f3l \u00edrt. -Azt szerettem volna \u00fctk\u00f6ztetni, hogy egy 1933-as cikk, amiben teljesen mindegy, hogy mir\u0151l van sz\u00f3 [&hellip;]<\/p>\n","protected":false},"author":2,"featured_media":0,"comment_status":"closed","ping_status":"closed","sticky":false,"template":"","format":"standard","meta":[],"categories":[9],"tags":[],"_links":{"self":[{"href":"http:\/\/archiv.szolnoktv.hu\/index.php?rest_route=\/wp\/v2\/posts\/8874"}],"collection":[{"href":"http:\/\/archiv.szolnoktv.hu\/index.php?rest_route=\/wp\/v2\/posts"}],"about":[{"href":"http:\/\/archiv.szolnoktv.hu\/index.php?rest_route=\/wp\/v2\/types\/post"}],"author":[{"embeddable":true,"href":"http:\/\/archiv.szolnoktv.hu\/index.php?rest_route=\/wp\/v2\/users\/2"}],"replies":[{"embeddable":true,"href":"http:\/\/archiv.szolnoktv.hu\/index.php?rest_route=%2Fwp%2Fv2%2Fcomments&post=8874"}],"version-history":[{"count":1,"href":"http:\/\/archiv.szolnoktv.hu\/index.php?rest_route=\/wp\/v2\/posts\/8874\/revisions"}],"predecessor-version":[{"id":8919,"href":"http:\/\/archiv.szolnoktv.hu\/index.php?rest_route=\/wp\/v2\/posts\/8874\/revisions\/8919"}],"wp:attachment":[{"href":"http:\/\/archiv.szolnoktv.hu\/index.php?rest_route=%2Fwp%2Fv2%2Fmedia&parent=8874"}],"wp:term":[{"taxonomy":"category","embeddable":true,"href":"http:\/\/archiv.szolnoktv.hu\/index.php?rest_route=%2Fwp%2Fv2%2Fcategories&post=8874"},{"taxonomy":"post_tag","embeddable":true,"href":"http:\/\/archiv.szolnoktv.hu\/index.php?rest_route=%2Fwp%2Fv2%2Ftags&post=8874"}],"curies":[{"name":"wp","href":"https:\/\/api.w.org\/{rel}","templated":true}]}}