{"id":8873,"date":"2018-05-03T17:30:10","date_gmt":"2018-05-03T17:30:10","guid":{"rendered":"http:\/\/archiv.szolnoktv.hu\/?p=8873"},"modified":"2021-08-14T14:01:27","modified_gmt":"2021-08-14T14:01:27","slug":"gyujtest-szervez-a-reptar","status":"publish","type":"post","link":"http:\/\/archiv.szolnoktv.hu\/?p=8873","title":{"rendered":"Gy\u0171jt\u00e9st szervez a RepT\u00e1r"},"content":{"rendered":"<div class='booster-block booster-read-block'><\/div><p>Ez \u00e9v m\u00e1rcius 15-\u00e9n meg\u00e1llapod\u00e1st \u00edrt al\u00e1 a RepT\u00e1r \u00e9s az GoldTimer Alap\u00edtv\u00e1ny. Az egyik tag: R\u00e9vy L\u00e1szl\u00f3 meglep\u0151d\u00f6tt azon, hogy egyetlen II. vil\u00e1gh\u00e1bor\u00fa el\u0151tti korszakot k\u00e9pvisel\u0151 oldtimer vitorl\u00e1z\u00f3g\u00e9pe sincs a gy\u0171jtem\u00e9nynek. Kor\u00e1bban pedig a szolnoki sportrep\u00fcl\u0151t\u00e9rnek 2 Z\u00f6glingje is volt: n\u00e9v szerint Imre \u00e9s Mikl\u00f3s.<\/p>\n<p>Laci b\u00e1csi felaj\u00e1nlotta a Rept\u00e1rnak, hogy elk\u00e9sz\u00edti a g\u00e9p v\u00e1zszerkezet\u00e9t. A feladat nem volt \u00faj sz\u00e1m\u00e1ra, hiszen 2000-ben m\u00e1r \u00e9p\u00edtett egy Z\u00f6glinget, melyet 2004-ben Besenyei Gy\u00f6rgy v\u00e1s\u00e1rolt meg t\u0151le. K\u00e9s\u0151bb ezt kivont\u00e1k a forgalomb\u00f3l, \u00edgy m\u00e1r nincs ilyen rep\u00fcl\u0151g\u00e9p Eur\u00f3p\u00e1ban. <\/p>\n<p>A Rep\u00fcl\u0151m\u00fazeum \u00e9s az Goldtimer Alap\u00edtv\u00e1ny rem\u00e9li, mihamarabb siker\u00fcl \u00f6sszegy\u0171jteni a faanyaghoz, a v\u00e1szonhoz \u00e9s az egy\u00e9b kell\u00e9kek beszerz\u00e9s\u00e9hez sz\u00fcks\u00e9ges \u00f6sszeget. \u00cdgy mihamarabb elk\u00e9sz\u00fclne \u00e9s m\u00e9lt\u00f3 hely\u00e9re ker\u00fclne a szolnoki -Mikl\u00f3s&#8221;.<br \/>\n<br \/>\n<div style=\"width: 640px;\" class=\"wp-video\"><!--[if lt IE 9]><script>document.createElement('video');<\/script><![endif]-->\n<video class=\"wp-video-shortcode\" id=\"video-8873-1\" width=\"640\" height=\"360\" preload=\"metadata\" controls=\"controls\"><source type=\"video\/mp4\" src=\"\/spots\/hir\/hir_180503_05.mp4?_=1\" \/><a href=\"\/spots\/hir\/hir_180503_05.mp4\">\/spots\/hir\/hir_180503_05.mp4<\/a><\/video><\/div><\/p>\n","protected":false},"excerpt":{"rendered":"<p>Ez \u00e9v m\u00e1rcius 15-\u00e9n meg\u00e1llapod\u00e1st \u00edrt al\u00e1 a RepT\u00e1r \u00e9s az GoldTimer Alap\u00edtv\u00e1ny. Az egyik tag: R\u00e9vy L\u00e1szl\u00f3 meglep\u0151d\u00f6tt azon, hogy egyetlen II. vil\u00e1gh\u00e1bor\u00fa el\u0151tti korszakot k\u00e9pvisel\u0151 oldtimer vitorl\u00e1z\u00f3g\u00e9pe sincs a gy\u0171jtem\u00e9nynek. Kor\u00e1bban pedig a szolnoki sportrep\u00fcl\u0151t\u00e9rnek 2 Z\u00f6glingje is volt: n\u00e9v szerint Imre \u00e9s Mikl\u00f3s. Laci b\u00e1csi felaj\u00e1nlotta a Rept\u00e1rnak, hogy elk\u00e9sz\u00edti a g\u00e9p [&hellip;]<\/p>\n","protected":false},"author":2,"featured_media":0,"comment_status":"closed","ping_status":"closed","sticky":false,"template":"","format":"standard","meta":[],"categories":[9],"tags":[],"_links":{"self":[{"href":"http:\/\/archiv.szolnoktv.hu\/index.php?rest_route=\/wp\/v2\/posts\/8873"}],"collection":[{"href":"http:\/\/archiv.szolnoktv.hu\/index.php?rest_route=\/wp\/v2\/posts"}],"about":[{"href":"http:\/\/archiv.szolnoktv.hu\/index.php?rest_route=\/wp\/v2\/types\/post"}],"author":[{"embeddable":true,"href":"http:\/\/archiv.szolnoktv.hu\/index.php?rest_route=\/wp\/v2\/users\/2"}],"replies":[{"embeddable":true,"href":"http:\/\/archiv.szolnoktv.hu\/index.php?rest_route=%2Fwp%2Fv2%2Fcomments&post=8873"}],"version-history":[{"count":1,"href":"http:\/\/archiv.szolnoktv.hu\/index.php?rest_route=\/wp\/v2\/posts\/8873\/revisions"}],"predecessor-version":[{"id":8920,"href":"http:\/\/archiv.szolnoktv.hu\/index.php?rest_route=\/wp\/v2\/posts\/8873\/revisions\/8920"}],"wp:attachment":[{"href":"http:\/\/archiv.szolnoktv.hu\/index.php?rest_route=%2Fwp%2Fv2%2Fmedia&parent=8873"}],"wp:term":[{"taxonomy":"category","embeddable":true,"href":"http:\/\/archiv.szolnoktv.hu\/index.php?rest_route=%2Fwp%2Fv2%2Fcategories&post=8873"},{"taxonomy":"post_tag","embeddable":true,"href":"http:\/\/archiv.szolnoktv.hu\/index.php?rest_route=%2Fwp%2Fv2%2Ftags&post=8873"}],"curies":[{"name":"wp","href":"https:\/\/api.w.org\/{rel}","templated":true}]}}