{"id":8872,"date":"2018-05-03T17:27:03","date_gmt":"2018-05-03T17:27:03","guid":{"rendered":"http:\/\/archiv.szolnoktv.hu\/?p=8872"},"modified":"2021-08-14T14:01:27","modified_gmt":"2021-08-14T14:01:27","slug":"az-ev-orvosa-dij","status":"publish","type":"post","link":"http:\/\/archiv.szolnoktv.hu\/?p=8872","title":{"rendered":"Az \u00e9v orvosa d\u00edj"},"content":{"rendered":"<div class='booster-block booster-read-block'><\/div><p>\u00c1prilisban sz\u00e1moltunk be arr\u00f3l, hogy m\u00e1jus 10-ig jel\u00f6lhetik kedvenc gy\u00f3gy\u00edt\u00f3jukat az \u00e9v orvosa -\u00e9v praxisa v\u00e1laszt\u00e1sra. Az orsz\u00e1gos megm\u00e9rettet\u00e9s mellett azonban meghirdett\u00e9k a megyei \u00e9v orvosa d\u00edjat is. <\/p>\n<p>Dr. R\u00e9dl Jen\u0151 megyei eln\u00f6k,  Magyar Orvosi Kamara:<\/p>\n<p>-&#8220;A c\u00e9lunk az, hogy a JNSZ Megye eg\u00e9szs\u00e9g\u00fcgyi ell\u00e1t\u00e1si ter\u00fclet\u00e9n dolgoz\u00f3 koll\u00e9g\u00e1kat elismerj\u00fck. Akik rajai az orvosi kamara megye szervezet\u00e9nek \u00e9s p\u00e9ldamutat\u00f3 munk\u00e1t v\u00e9geznek \u00e9veken \u00e9vtizedeken kereszt\u00fcl. &#8211;<\/p>\n<p> Olyan akt\u00edvan a betegell\u00e1t\u00e1sban dolgoz\u00f3 orvosok jel\u00f6l\u00e9l\u00e9st v\u00e1rj\u00e1k, akik hivat\u00e1sk\u00e9nt kezelik az orvosl\u00e1st, a beteg \u00e9rdek\u00e9t n\u00e9zik , valamint erk\u00f6lcsileg , mor\u00e1lisan is p\u00e9ld\u00e1t mutatnak \u00e9s orvosszakmailag is kiv\u00e1l\u00f3 munk\u00e1t v\u00e9geznek. A jel\u00f6lt lehet k\u00f3rh\u00e1zi-, rendel\u0151int\u00e9zeti-, gyermek-, vagy k\u00f6rzeti orvos. Jel\u00f6ltj\u00fckr\u0151l \u00edrniuk is kell n\u00e9h\u00e1ny mondatot. <\/p>\n<p>-&#8220;Aszerint, hogy milyen eml\u00e9kei, tapasztalatai vannak, vagy neki, vagy hozz\u00e1tartoz\u00f3j\u00e1nak gy\u00f3gy\u00edt\u00e1s\u00e1val kapcsolatosan. Milyen eml\u00e9keik vannak r\u00f3la  \u00e9s k\u00e9rj\u00fck a lakoss\u00e1got, hogy ezeket k\u00fcldj\u00e9k be \u00e9s jellemezz\u00e9k az orvos r\u00e1termetts\u00e9g\u00e9t, humanit\u00e1s\u00e1t, tud\u00e1s\u00e1t.  &#8211;<\/p>\n<p>A p\u00e1ly\u00e1zatokat \u00edr\u00e1sban, vagy e-mailben lehet bek\u00fcldeni m\u00e1jus 15-ig az orvosi kamara ter\u00fcleti szervezet\u00e9hez a Konstantin \u00fatra. A legjobb 3 jel\u00f6lt arck\u00e9pe felker\u00fcl a kamara honlapj\u00e1ra, ahol szavazhatnak majd a p\u00e1ciensek. A legjobb orvosnak \u00edt\u00e9lt szakember Pog\u00e1ny G\u00e1bor Ben\u0151 plakettj\u00e9t \u00e9s egy d\u00edszdiplom\u00e1t kap.<br \/>\n<br \/>\n<div style=\"width: 640px;\" class=\"wp-video\"><!--[if lt IE 9]><script>document.createElement('video');<\/script><![endif]-->\n<video class=\"wp-video-shortcode\" id=\"video-8872-1\" width=\"640\" height=\"360\" preload=\"metadata\" controls=\"controls\"><source type=\"video\/mp4\" src=\"\/spots\/hir\/hir_180503_04.mp4?_=1\" \/><a href=\"\/spots\/hir\/hir_180503_04.mp4\">\/spots\/hir\/hir_180503_04.mp4<\/a><\/video><\/div><\/p>\n","protected":false},"excerpt":{"rendered":"<p>\u00c1prilisban sz\u00e1moltunk be arr\u00f3l, hogy m\u00e1jus 10-ig jel\u00f6lhetik kedvenc gy\u00f3gy\u00edt\u00f3jukat az \u00e9v orvosa -\u00e9v praxisa v\u00e1laszt\u00e1sra. Az orsz\u00e1gos megm\u00e9rettet\u00e9s mellett azonban meghirdett\u00e9k a megyei \u00e9v orvosa d\u00edjat is. Dr. R\u00e9dl Jen\u0151 megyei eln\u00f6k, Magyar Orvosi Kamara: -&#8220;A c\u00e9lunk az, hogy a JNSZ Megye eg\u00e9szs\u00e9g\u00fcgyi ell\u00e1t\u00e1si ter\u00fclet\u00e9n dolgoz\u00f3 koll\u00e9g\u00e1kat elismerj\u00fck. Akik rajai az orvosi kamara megye [&hellip;]<\/p>\n","protected":false},"author":2,"featured_media":0,"comment_status":"closed","ping_status":"closed","sticky":false,"template":"","format":"standard","meta":[],"categories":[9],"tags":[],"_links":{"self":[{"href":"http:\/\/archiv.szolnoktv.hu\/index.php?rest_route=\/wp\/v2\/posts\/8872"}],"collection":[{"href":"http:\/\/archiv.szolnoktv.hu\/index.php?rest_route=\/wp\/v2\/posts"}],"about":[{"href":"http:\/\/archiv.szolnoktv.hu\/index.php?rest_route=\/wp\/v2\/types\/post"}],"author":[{"embeddable":true,"href":"http:\/\/archiv.szolnoktv.hu\/index.php?rest_route=\/wp\/v2\/users\/2"}],"replies":[{"embeddable":true,"href":"http:\/\/archiv.szolnoktv.hu\/index.php?rest_route=%2Fwp%2Fv2%2Fcomments&post=8872"}],"version-history":[{"count":1,"href":"http:\/\/archiv.szolnoktv.hu\/index.php?rest_route=\/wp\/v2\/posts\/8872\/revisions"}],"predecessor-version":[{"id":8921,"href":"http:\/\/archiv.szolnoktv.hu\/index.php?rest_route=\/wp\/v2\/posts\/8872\/revisions\/8921"}],"wp:attachment":[{"href":"http:\/\/archiv.szolnoktv.hu\/index.php?rest_route=%2Fwp%2Fv2%2Fmedia&parent=8872"}],"wp:term":[{"taxonomy":"category","embeddable":true,"href":"http:\/\/archiv.szolnoktv.hu\/index.php?rest_route=%2Fwp%2Fv2%2Fcategories&post=8872"},{"taxonomy":"post_tag","embeddable":true,"href":"http:\/\/archiv.szolnoktv.hu\/index.php?rest_route=%2Fwp%2Fv2%2Ftags&post=8872"}],"curies":[{"name":"wp","href":"https:\/\/api.w.org\/{rel}","templated":true}]}}