{"id":8871,"date":"2018-05-03T15:59:19","date_gmt":"2018-05-03T15:59:19","guid":{"rendered":"http:\/\/archiv.szolnoktv.hu\/?p=8871"},"modified":"2021-08-14T14:01:27","modified_gmt":"2021-08-14T14:01:27","slug":"indul-a-strandszezon","status":"publish","type":"post","link":"http:\/\/archiv.szolnoktv.hu\/?p=8871","title":{"rendered":"Indul a strandszezon"},"content":{"rendered":"<div class='booster-block booster-read-block'><\/div><p>\u00e1r az ilyenkor szok\u00e1sos karbantart\u00e1sokat elv\u00e9gezt\u00e9k, a Tiszaligeti Term\u00e1lstrand \u00e9s \u00c9lm\u00e9nyf\u00fcrd\u0151 \u00fczemeltet\u0151je m\u00e9g kiv\u00e1r. Az igazi szezon ugyanis j\u00faniusban indul. Ennek ellen\u00e9re m\u00e1r most is van vend\u00e9g.<\/p>\n<p>A m\u00falt h\u00e9ten leengedt\u00e9k a m\u0171k\u00f6d\u0151 medenc\u00e9k vizeit majd fert\u0151tlen\u00edt\u00e9st k\u00f6vet\u0151en \u00fajrat\u00f6lt\u00f6tt\u00e9k \u0151ket. Az \u00fasz\u00f3medenc\u00e9r\u0151l a l\u00e9gtart\u00f3 s\u00e1trat, a term\u00e1l medenc\u00e9k k\u00f6r\u00fcl pedig a pala lemezeket t\u00e1vol\u00edtott\u00e1k el.<\/p>\n<p>A ny\u00e1ri, strand medenc\u00e9ket j\u00faniusban kezdik el felt\u00f6lteni. Az \u00e1rak \u00e9s a nyitva tart\u00e1st illet\u0151en nem t\u00f6rt\u00e9nik v\u00e1ltoz\u00e1s.<\/p>\n<div style=\"width: 640px;\" class=\"wp-video\"><!--[if lt IE 9]><script>document.createElement('video');<\/script><![endif]-->\n<video class=\"wp-video-shortcode\" id=\"video-8871-1\" width=\"640\" height=\"360\" preload=\"metadata\" controls=\"controls\"><source type=\"video\/mp4\" src=\"\/spots\/hir\/hir_180503_03.mp4?_=1\" \/><a href=\"\/spots\/hir\/hir_180503_03.mp4\">\/spots\/hir\/hir_180503_03.mp4<\/a><\/video><\/div>\n","protected":false},"excerpt":{"rendered":"<p>\u00e1r az ilyenkor szok\u00e1sos karbantart\u00e1sokat elv\u00e9gezt\u00e9k, a Tiszaligeti Term\u00e1lstrand \u00e9s \u00c9lm\u00e9nyf\u00fcrd\u0151 \u00fczemeltet\u0151je m\u00e9g kiv\u00e1r. Az igazi szezon ugyanis j\u00faniusban indul. Ennek ellen\u00e9re m\u00e1r most is van vend\u00e9g. A m\u00falt h\u00e9ten leengedt\u00e9k a m\u0171k\u00f6d\u0151 medenc\u00e9k vizeit majd fert\u0151tlen\u00edt\u00e9st k\u00f6vet\u0151en \u00fajrat\u00f6lt\u00f6tt\u00e9k \u0151ket. Az \u00fasz\u00f3medenc\u00e9r\u0151l a l\u00e9gtart\u00f3 s\u00e1trat, a term\u00e1l medenc\u00e9k k\u00f6r\u00fcl pedig a pala lemezeket t\u00e1vol\u00edtott\u00e1k el. [&hellip;]<\/p>\n","protected":false},"author":2,"featured_media":0,"comment_status":"closed","ping_status":"closed","sticky":false,"template":"","format":"standard","meta":[],"categories":[9],"tags":[],"_links":{"self":[{"href":"http:\/\/archiv.szolnoktv.hu\/index.php?rest_route=\/wp\/v2\/posts\/8871"}],"collection":[{"href":"http:\/\/archiv.szolnoktv.hu\/index.php?rest_route=\/wp\/v2\/posts"}],"about":[{"href":"http:\/\/archiv.szolnoktv.hu\/index.php?rest_route=\/wp\/v2\/types\/post"}],"author":[{"embeddable":true,"href":"http:\/\/archiv.szolnoktv.hu\/index.php?rest_route=\/wp\/v2\/users\/2"}],"replies":[{"embeddable":true,"href":"http:\/\/archiv.szolnoktv.hu\/index.php?rest_route=%2Fwp%2Fv2%2Fcomments&post=8871"}],"version-history":[{"count":1,"href":"http:\/\/archiv.szolnoktv.hu\/index.php?rest_route=\/wp\/v2\/posts\/8871\/revisions"}],"predecessor-version":[{"id":8922,"href":"http:\/\/archiv.szolnoktv.hu\/index.php?rest_route=\/wp\/v2\/posts\/8871\/revisions\/8922"}],"wp:attachment":[{"href":"http:\/\/archiv.szolnoktv.hu\/index.php?rest_route=%2Fwp%2Fv2%2Fmedia&parent=8871"}],"wp:term":[{"taxonomy":"category","embeddable":true,"href":"http:\/\/archiv.szolnoktv.hu\/index.php?rest_route=%2Fwp%2Fv2%2Fcategories&post=8871"},{"taxonomy":"post_tag","embeddable":true,"href":"http:\/\/archiv.szolnoktv.hu\/index.php?rest_route=%2Fwp%2Fv2%2Ftags&post=8871"}],"curies":[{"name":"wp","href":"https:\/\/api.w.org\/{rel}","templated":true}]}}