{"id":8870,"date":"2018-05-03T15:38:46","date_gmt":"2018-05-03T15:38:46","guid":{"rendered":"http:\/\/archiv.szolnoktv.hu\/?p=8870"},"modified":"2021-08-14T14:01:28","modified_gmt":"2021-08-14T14:01:28","slug":"hpv-elleni-oltast-kaptak-a-kassai-uti-altalanos-iskolaban","status":"publish","type":"post","link":"http:\/\/archiv.szolnoktv.hu\/?p=8870","title":{"rendered":"HPV elleni olt\u00e1st kaptak a Kassai \u00dati \u00c1ltal\u00e1nos Iskol\u00e1ban"},"content":{"rendered":"<div class='booster-block booster-read-block'><\/div><p>A -rem\u00e9ny gy\u00f6ngyeib\u0151l&#8221; f\u0171z\u00f6tt kark\u00f6t\u0151t \u00e9s eml\u00e9klapot vehettek \u00e1t a HPV elleni olt\u00e1s el\u0151tt a Kassai \u00dati \u00c1ltal\u00e1nos Iskola 7. oszt\u00e1lyos di\u00e1kjai. A vakcina a hum\u00e1n papilloma v\u00edrussal szemben ny\u00fajt v\u00e9delmet.<\/p>\n<p>-Nekem ez most nem kiv\u00e9telesen nem f\u00e1jt, az ezel\u0151tti sokkal jobban f\u00e1jt \u00e9s most nem is annyira izgultam.&#8221;-mes\u00e9lte Kov\u00e1cs Kitti.<\/p>\n<p>A HPV a m\u00e9hnyakr\u00e1k, b\u0151rdaganatok, illetve j\u00f3 indulat\u00fa h\u00e1melv\u00e1ltoz\u00e1sok kialakul\u00e1s\u00e1t okozza. A v\u00edrus els\u0151sorban szexu\u00e1lis \u00faton terjed. A v\u00e9d\u0151 vakcina a szexu\u00e1lisan m\u00e9g nem akt\u00edv koroszt\u00e1lyban a leghat\u00e9konyabb. Az olt\u00e1s lehet\u0151s\u00e9gr\u0151l a gyerekek sz\u00fcleikkel k\u00f6z\u00f6sen d\u00f6nt\u00f6ttek.<\/p>\n<p>-\u00cdgy kev\u00e9sb\u00e9 lehet es\u00e9lye, hogy elkapjuk a m\u00e9hnyakr\u00e1kot \u00e9s anyuk\u00e1m szerint fontos, hogy eg\u00e9szs\u00e9ges legyek.&#8221;-mondta Guba Krisztina Eszter.<\/p>\n<p>-Anya d\u00f6nt\u00f6tt \u00edgy, mert szem\u00e9ly szerint irt\u00f3zom a t\u0171t\u0151l, de \u0151 azt mondta ez fontos, ezt meg kell kapni, hogy ne legy\u00e9l ut\u00e1na beteg \u00e9s legal\u00e1bb beleszel oltva ez ellen.&#8221;-tette hozz\u00e1 Galcsi Lili.<\/p>\n<p>A v\u00edrusnak 130 t\u00edpusa van a vakcina a legvesz\u00e9lyesebbek ellen ny\u00fajt v\u00e9delmet. Olt\u00e1s a HPV ellene 12 \u00e9ve l\u00e9tezik, azonban sokan m\u00e9g mindig nem \u00e9lnek a prevenci\u00f3 lehet\u0151s\u00e9g\u00e9vel.<\/p>\n<p>-Teljesen igazolt, hogy ha nincs HPV fert\u0151z\u00e9s, akkor nincs m\u00e9hnyakr\u00e1k. Teh\u00e1t ennek k\u00f6vetkezt\u00e9ben nagyon fontos lenne, hogy a sz\u00fcl\u0151k v\u00e9dj\u00e9k a gyermekeiket. Sajnos nem 100%-ban k\u00e9rik a sz\u00fcl\u0151k, ez a m\u00e1r ingyenesen v\u00e1laszthat\u00f3 v\u00e9d\u0151olt\u00e1st, ami nagy seg\u00edts\u00e9g lehet a sz\u00fcl\u0151knek, illetve a megel\u0151z\u00e9s szempontj\u00e1b\u00f3l a t\u00e1rsadalom r\u00e9sz\u00e9re nagy nagy fontoss\u00e1g\u00fa lenne, hiszen a megel\u0151z\u00e9s mindig sokkal olcs\u00f3bb mint a kezel\u00e9s.&#8221;- mondta Dr. Tancsik Andrea.<\/p>\n<p>A vakcin\u00e1t 11 \u00e9ves kort\u00f3l lehet beadatni, amit b\u00e1rki ig\u00e9nyelheti orvos\u00e1n\u00e1l. A v\u00e9d\u0151olt\u00e1s nem ny\u00fajt 100%-os v\u00e9delmet a v\u00edrussal szemben, ez\u00e9rt a rendszeres m\u00e9hnyakr\u00e1k sz\u0171r\u00e9st nem helyettes\u00edti.<\/p>\n<div style=\"width: 640px;\" class=\"wp-video\"><!--[if lt IE 9]><script>document.createElement('video');<\/script><![endif]-->\n<video class=\"wp-video-shortcode\" id=\"video-8870-1\" width=\"640\" height=\"360\" preload=\"metadata\" controls=\"controls\"><source type=\"video\/mp4\" src=\"\/spots\/hir\/hir_180503_01.mp4?_=1\" \/><a href=\"\/spots\/hir\/hir_180503_01.mp4\">\/spots\/hir\/hir_180503_01.mp4<\/a><\/video><\/div>\n","protected":false},"excerpt":{"rendered":"<p>A -rem\u00e9ny gy\u00f6ngyeib\u0151l&#8221; f\u0171z\u00f6tt kark\u00f6t\u0151t \u00e9s eml\u00e9klapot vehettek \u00e1t a HPV elleni olt\u00e1s el\u0151tt a Kassai \u00dati \u00c1ltal\u00e1nos Iskola 7. oszt\u00e1lyos di\u00e1kjai. A vakcina a hum\u00e1n papilloma v\u00edrussal szemben ny\u00fajt v\u00e9delmet. -Nekem ez most nem kiv\u00e9telesen nem f\u00e1jt, az ezel\u0151tti sokkal jobban f\u00e1jt \u00e9s most nem is annyira izgultam.&#8221;-mes\u00e9lte Kov\u00e1cs Kitti. A HPV a m\u00e9hnyakr\u00e1k, [&hellip;]<\/p>\n","protected":false},"author":2,"featured_media":0,"comment_status":"closed","ping_status":"closed","sticky":false,"template":"","format":"standard","meta":[],"categories":[9],"tags":[],"_links":{"self":[{"href":"http:\/\/archiv.szolnoktv.hu\/index.php?rest_route=\/wp\/v2\/posts\/8870"}],"collection":[{"href":"http:\/\/archiv.szolnoktv.hu\/index.php?rest_route=\/wp\/v2\/posts"}],"about":[{"href":"http:\/\/archiv.szolnoktv.hu\/index.php?rest_route=\/wp\/v2\/types\/post"}],"author":[{"embeddable":true,"href":"http:\/\/archiv.szolnoktv.hu\/index.php?rest_route=\/wp\/v2\/users\/2"}],"replies":[{"embeddable":true,"href":"http:\/\/archiv.szolnoktv.hu\/index.php?rest_route=%2Fwp%2Fv2%2Fcomments&post=8870"}],"version-history":[{"count":1,"href":"http:\/\/archiv.szolnoktv.hu\/index.php?rest_route=\/wp\/v2\/posts\/8870\/revisions"}],"predecessor-version":[{"id":8923,"href":"http:\/\/archiv.szolnoktv.hu\/index.php?rest_route=\/wp\/v2\/posts\/8870\/revisions\/8923"}],"wp:attachment":[{"href":"http:\/\/archiv.szolnoktv.hu\/index.php?rest_route=%2Fwp%2Fv2%2Fmedia&parent=8870"}],"wp:term":[{"taxonomy":"category","embeddable":true,"href":"http:\/\/archiv.szolnoktv.hu\/index.php?rest_route=%2Fwp%2Fv2%2Fcategories&post=8870"},{"taxonomy":"post_tag","embeddable":true,"href":"http:\/\/archiv.szolnoktv.hu\/index.php?rest_route=%2Fwp%2Fv2%2Ftags&post=8870"}],"curies":[{"name":"wp","href":"https:\/\/api.w.org\/{rel}","templated":true}]}}