{"id":8869,"date":"2018-05-02T18:48:11","date_gmt":"2018-05-02T18:48:11","guid":{"rendered":"http:\/\/archiv.szolnoktv.hu\/?p=8869"},"modified":"2021-08-14T14:01:28","modified_gmt":"2021-08-14T14:01:28","slug":"napi-jotett-szolnok-segit-a-szolnok-segit-programon-keresztul-kernek-segitseget","status":"publish","type":"post","link":"http:\/\/archiv.szolnoktv.hu\/?p=8869","title":{"rendered":"&#8230;Napi j\u00f3tett&#8230; Szolnok Seg\u00edt &#8211; A Szolnok Seg\u00edt Programon kereszt\u00fcl k\u00e9rnek seg\u00edts\u00e9get"},"content":{"rendered":"<div class='booster-block booster-read-block'><\/div><p>\u00daj cip\u0151re, \u00fasz\u00f3 tanfolyamra \u00e9s k\u00e9zm\u0171ves t\u00e1borba v\u00e1gyik J\u00e1ndi Rita els\u0151 oszt\u00e1lyos kisl\u00e1nya. A fels\u0151fok\u00fa oklev\u00e9llel rendelkez\u0151 egyed\u00fcl\u00e1ll\u00f3 \u00e9desanya eredeti v\u00e9gzetts\u00e9g\u00e9ben kisl\u00e1ny sz\u00fclet\u00e9se \u00f3ta nem tudott elhelyezkedni. Gyermeke \u00e9s id\u0151s sz\u00fclei miatt a legnagyobb seg\u00edts\u00e9g sz\u00e1m\u00e1ra egy olyan munkahely lenne, ahol gyerekekkel foglalkozhat. <\/p>\n<p>-Olyan munkahelyre lenne sz\u00fcks\u00e9gem, ami nem teljes nyolc \u00f3r\u00e1s, mivel egyed\u00fcl nevelem. Teh\u00e1t nekem kell \u00e9rte mennem, nekem kell elhoznom. A lak\u00e1shitelt viszont fizet\u00fcnk kellene. De a munkahely kiv\u00e1laszt\u00e1s\u00e1ban, megteremt\u00e9s\u00e9ben nagyon neh\u00e9z, teh\u00e1t ilyen 4 \u00e9s 6 \u00f3r\u00e1s munk\u00e1t tal\u00e1lni.&#8221;-mondta J\u00e1ndi Rita.<\/p>\n<p>Hangay Szab\u00f3-L\u00e1szl\u00f3 szobr\u00e1szm\u0171v\u00e9sz nem els\u0151 alakalommal vesz r\u00e9szt a Szolnok Seg\u00edt Programban. A m\u0171v\u00e9szt legut\u00f3bb az alkot\u00e1shoz sz\u00fcks\u00e9ges gipszel, illetve m\u0171hely\u00e9nek vil\u00e1g\u00edt\u00e1s\u00e1t is megjav\u00edtott\u00e1k. A M\u0171v\u00e9sztelep fel\u00faj\u00edt\u00e1s\u00e1val a szobr\u00e1szm\u0171v\u00e9sz m\u0171hely\u00e9t elvesztette. Hangay Szab\u00f3 L\u00e1szl\u00f3 v\u00e1gya, hogy a szabadban \u00e9s z\u00e1rt helyen egyar\u00e1nt tudjon dolgozni. <\/p>\n<p>-A szobr\u00e1szatban az a neh\u00e9zs\u00e9g, hogy abban nagyon sok szakm\u00e1t kell ismerni \u00e9s alkalmazni, ahhoz, hogy valaki produk\u00e1lni, alkotni tudjon. K\u0151farag\u00e1s, fafarag\u00e1s, lemez dombor\u00edt\u00e1s, hegeszt\u00e9s, bronz\u00f6nt\u00e9s. Ezt csak egy olyan helyen lehet megtenni, ahol senkit nem zavar. Arra gondoltam, hogy valaki tudna ebben seg\u00edteni. Van egy nem haszn\u00e1lt hobbi vagy nyaral\u00f3.&#8221;-mondta Hangay Szab\u00f3 L\u00e1szl\u00f3. <\/p>\n<p>Azok, akik tudj\u00e1k valamiben t\u00e1mogatni a J\u00e1ndi Rit\u00e1t \u00e9s Hangay Szab\u00f3 L\u00e1szl\u00f3t a Szolnok Seg\u00edt Programot koordin\u00e1l\u00f3 Hum\u00e1n Szolg\u00e1ltat\u00f3 K\u00f6zponton kereszt\u00fcl tehetik meg.<\/p>\n<p>El\u00e9rhet\u0151s\u00e9gek:<\/p>\n<p>www.szolnoksegit.hu<\/p>\n<p>Sz\u00e1mlasz\u00e1m: 11745004-15413422-10010000<\/p>\n<p>E-mail: human@szolnoksegit.hu<\/p>\n<div style=\"width: 640px;\" class=\"wp-video\"><!--[if lt IE 9]><script>document.createElement('video');<\/script><![endif]-->\n<video class=\"wp-video-shortcode\" id=\"video-8869-1\" width=\"640\" height=\"360\" preload=\"metadata\" controls=\"controls\"><source type=\"video\/mp4\" src=\"\/spots\/hir\/hir_180502_06.mp4?_=1\" \/><a href=\"\/spots\/hir\/hir_180502_06.mp4\">\/spots\/hir\/hir_180502_06.mp4<\/a><\/video><\/div>\n","protected":false},"excerpt":{"rendered":"<p>\u00daj cip\u0151re, \u00fasz\u00f3 tanfolyamra \u00e9s k\u00e9zm\u0171ves t\u00e1borba v\u00e1gyik J\u00e1ndi Rita els\u0151 oszt\u00e1lyos kisl\u00e1nya. A fels\u0151fok\u00fa oklev\u00e9llel rendelkez\u0151 egyed\u00fcl\u00e1ll\u00f3 \u00e9desanya eredeti v\u00e9gzetts\u00e9g\u00e9ben kisl\u00e1ny sz\u00fclet\u00e9se \u00f3ta nem tudott elhelyezkedni. Gyermeke \u00e9s id\u0151s sz\u00fclei miatt a legnagyobb seg\u00edts\u00e9g sz\u00e1m\u00e1ra egy olyan munkahely lenne, ahol gyerekekkel foglalkozhat. -Olyan munkahelyre lenne sz\u00fcks\u00e9gem, ami nem teljes nyolc \u00f3r\u00e1s, mivel egyed\u00fcl nevelem. [&hellip;]<\/p>\n","protected":false},"author":2,"featured_media":0,"comment_status":"closed","ping_status":"closed","sticky":false,"template":"","format":"standard","meta":[],"categories":[9],"tags":[],"_links":{"self":[{"href":"http:\/\/archiv.szolnoktv.hu\/index.php?rest_route=\/wp\/v2\/posts\/8869"}],"collection":[{"href":"http:\/\/archiv.szolnoktv.hu\/index.php?rest_route=\/wp\/v2\/posts"}],"about":[{"href":"http:\/\/archiv.szolnoktv.hu\/index.php?rest_route=\/wp\/v2\/types\/post"}],"author":[{"embeddable":true,"href":"http:\/\/archiv.szolnoktv.hu\/index.php?rest_route=\/wp\/v2\/users\/2"}],"replies":[{"embeddable":true,"href":"http:\/\/archiv.szolnoktv.hu\/index.php?rest_route=%2Fwp%2Fv2%2Fcomments&post=8869"}],"version-history":[{"count":1,"href":"http:\/\/archiv.szolnoktv.hu\/index.php?rest_route=\/wp\/v2\/posts\/8869\/revisions"}],"predecessor-version":[{"id":8924,"href":"http:\/\/archiv.szolnoktv.hu\/index.php?rest_route=\/wp\/v2\/posts\/8869\/revisions\/8924"}],"wp:attachment":[{"href":"http:\/\/archiv.szolnoktv.hu\/index.php?rest_route=%2Fwp%2Fv2%2Fmedia&parent=8869"}],"wp:term":[{"taxonomy":"category","embeddable":true,"href":"http:\/\/archiv.szolnoktv.hu\/index.php?rest_route=%2Fwp%2Fv2%2Fcategories&post=8869"},{"taxonomy":"post_tag","embeddable":true,"href":"http:\/\/archiv.szolnoktv.hu\/index.php?rest_route=%2Fwp%2Fv2%2Ftags&post=8869"}],"curies":[{"name":"wp","href":"https:\/\/api.w.org\/{rel}","templated":true}]}}