{"id":8868,"date":"2018-05-02T16:34:26","date_gmt":"2018-05-02T16:34:26","guid":{"rendered":"http:\/\/archiv.szolnoktv.hu\/?p=8868"},"modified":"2021-08-14T14:01:28","modified_gmt":"2021-08-14T14:01:28","slug":"a-polgarmester-koszontotte-fodor-gyula-bacsit","status":"publish","type":"post","link":"http:\/\/archiv.szolnoktv.hu\/?p=8868","title":{"rendered":"A polg\u00e1rmester k\u00f6sz\u00f6nt\u00f6tte Fodor Gyula b\u00e1csit"},"content":{"rendered":"<div class='booster-block booster-read-block'><\/div><p>-El\u0151sz\u00f6r is a minisztereln\u00f6k \u00far gratul\u00e1ci\u00f3j\u00e1t adn\u00e1m \u00e1t: Orb\u00e1n Viktor \u00darminisztereln\u00f6k gratul\u00e1ci\u00f3j\u00e1t, aki szint\u00e9n j\u00f3 eg\u00e9szs\u00e9get k\u00edv\u00e1n.&#8221;<\/p>\n<p>Dobos tort\u00e1val \u00e9s sz\u00e1mos aj\u00e1nd\u00e9kkal k\u00f6sz\u00f6nt\u00f6tt\u00e9k Fodor Gyul\u00e1t 90. sz\u00fclet\u00e9snapj\u00e1n. A v\u00e1ros els\u0151 embere \u00e9s a Magyar Honv\u00e9ds\u00e9g is tisztelet\u00e9t tette az \u00fcnneps\u00e9gen. Gyula b\u00e1csi ugyanis t\u00f6bb sz\u00e1z pil\u00f3t\u00e1t oktatott ki a rep\u00fcl\u00e9s mesters\u00e9gre. De p\u00e1ly\u00e1ja 1947-t\u0151l kezd\u0151d\u00f6tt. A vitorl\u00e1s \u00e9s a motoros rep\u00fcl\u0151kre minden vizsg\u00e1t megszerzett, majd 1951-t\u0151l v\u00e9gezte a tisztek elm\u00e9leti \u00e9s gyakorlati oktat\u00e1s\u00e1t. Gyula b\u00e1csi a tan\u00edt\u00e1st tartja a legszebb dolognak a vil\u00e1gon.<\/p>\n<p>-Hihetetlen \u00f6r\u00f6m az, hogy egy 19-20 \u00e9ves fiatal ember azt mondja: ezt a rep\u00fcl\u0151g\u00e9pet \u00e9n vezetem. Ez a rep\u00fcl\u0151g\u00e9p azt csin\u00e1lja, amit \u00e9n akarok. Sz\u00e9p dolog.&#8221;<\/p>\n<p>1953-t\u00f3l a t\u00e1pi\u00f3szentm\u00e1rtoni rep\u00fcl\u0151t\u00e9r parancsnok\u00e1v\u00e1 nevezte ki, maga Kablay Lajos alezredes. Gyula b\u00e1csi \u00e9vi 80 n\u00f6vend\u00e9k kik\u00e9pz\u00e9s\u00e9\u00e9rt volt felel\u0151s. Az 1956-os esem\u00e9nyeket k\u00f6vet\u0151en Buda\u00f6rs\u00f6n, majd Szolnokon oktatott. Gyula b\u00e1csi 1978-ig akt\u00edvan rep\u00fclt, t\u00f6bb mint 5600 \u00f3r\u00e1t t\u00f6lt\u00f6tt a leveg\u0151ben. Arra a k\u00e9rd\u00e9sre, mi a hossz\u00fa \u00e9s kiegyens\u00falyozott \u00e9let titka, \u00edgy felelt:<\/p>\n<p>-Sz\u00e9p csal\u00e1di nyugodt k\u00f6rnyezet \u00e9s olyan gyerekek, mint amilyenek nekem vannak, olyan unok\u00e1k. Ennyi, azt hiszem el\u00e9g. Akikre b\u00fcszke lehetek \u00e9s akik j\u00f3 gyerekek.&#8221;<\/p>\n<p>Gyula b\u00e1csit a Kablay Lajos Veter\u00e1nrep\u00fcl\u0151 Bajt\u00e1rsi Egyes\u00fclet is k\u00f6sz\u00f6nt\u00f6tte a jeles nap alkalm\u00e1b\u00f3l. Szalay Ferenc polg\u00e1rmester pedig a hadsereg \u00e9s Szolnok v\u00e1ros k\u00f6z\u00f6tt kialak\u00edtott szoros kapcsolatot k\u00f6sz\u00f6nte meg a 90. \u00e9ves veter\u00e1nnak.<br \/>\n<br \/>\n<div style=\"width: 640px;\" class=\"wp-video\"><!--[if lt IE 9]><script>document.createElement('video');<\/script><![endif]-->\n<video class=\"wp-video-shortcode\" id=\"video-8868-1\" width=\"640\" height=\"360\" preload=\"metadata\" controls=\"controls\"><source type=\"video\/mp4\" src=\"\/spots\/hir\/hir_180502_05.mp4?_=1\" \/><a href=\"\/spots\/hir\/hir_180502_05.mp4\">\/spots\/hir\/hir_180502_05.mp4<\/a><\/video><\/div><\/p>\n","protected":false},"excerpt":{"rendered":"<p>-El\u0151sz\u00f6r is a minisztereln\u00f6k \u00far gratul\u00e1ci\u00f3j\u00e1t adn\u00e1m \u00e1t: Orb\u00e1n Viktor \u00darminisztereln\u00f6k gratul\u00e1ci\u00f3j\u00e1t, aki szint\u00e9n j\u00f3 eg\u00e9szs\u00e9get k\u00edv\u00e1n.&#8221; Dobos tort\u00e1val \u00e9s sz\u00e1mos aj\u00e1nd\u00e9kkal k\u00f6sz\u00f6nt\u00f6tt\u00e9k Fodor Gyul\u00e1t 90. sz\u00fclet\u00e9snapj\u00e1n. A v\u00e1ros els\u0151 embere \u00e9s a Magyar Honv\u00e9ds\u00e9g is tisztelet\u00e9t tette az \u00fcnneps\u00e9gen. Gyula b\u00e1csi ugyanis t\u00f6bb sz\u00e1z pil\u00f3t\u00e1t oktatott ki a rep\u00fcl\u00e9s mesters\u00e9gre. De p\u00e1ly\u00e1ja 1947-t\u0151l kezd\u0151d\u00f6tt. [&hellip;]<\/p>\n","protected":false},"author":2,"featured_media":0,"comment_status":"closed","ping_status":"closed","sticky":false,"template":"","format":"standard","meta":[],"categories":[9],"tags":[],"_links":{"self":[{"href":"http:\/\/archiv.szolnoktv.hu\/index.php?rest_route=\/wp\/v2\/posts\/8868"}],"collection":[{"href":"http:\/\/archiv.szolnoktv.hu\/index.php?rest_route=\/wp\/v2\/posts"}],"about":[{"href":"http:\/\/archiv.szolnoktv.hu\/index.php?rest_route=\/wp\/v2\/types\/post"}],"author":[{"embeddable":true,"href":"http:\/\/archiv.szolnoktv.hu\/index.php?rest_route=\/wp\/v2\/users\/2"}],"replies":[{"embeddable":true,"href":"http:\/\/archiv.szolnoktv.hu\/index.php?rest_route=%2Fwp%2Fv2%2Fcomments&post=8868"}],"version-history":[{"count":1,"href":"http:\/\/archiv.szolnoktv.hu\/index.php?rest_route=\/wp\/v2\/posts\/8868\/revisions"}],"predecessor-version":[{"id":8925,"href":"http:\/\/archiv.szolnoktv.hu\/index.php?rest_route=\/wp\/v2\/posts\/8868\/revisions\/8925"}],"wp:attachment":[{"href":"http:\/\/archiv.szolnoktv.hu\/index.php?rest_route=%2Fwp%2Fv2%2Fmedia&parent=8868"}],"wp:term":[{"taxonomy":"category","embeddable":true,"href":"http:\/\/archiv.szolnoktv.hu\/index.php?rest_route=%2Fwp%2Fv2%2Fcategories&post=8868"},{"taxonomy":"post_tag","embeddable":true,"href":"http:\/\/archiv.szolnoktv.hu\/index.php?rest_route=%2Fwp%2Fv2%2Ftags&post=8868"}],"curies":[{"name":"wp","href":"https:\/\/api.w.org\/{rel}","templated":true}]}}