{"id":8867,"date":"2018-05-02T16:28:15","date_gmt":"2018-05-02T16:28:15","guid":{"rendered":"http:\/\/archiv.szolnoktv.hu\/?p=8867"},"modified":"2021-08-14T14:01:28","modified_gmt":"2021-08-14T14:01:28","slug":"beuzemeltek-a-szokokutakat","status":"publish","type":"post","link":"http:\/\/archiv.szolnoktv.hu\/?p=8867","title":{"rendered":"Be\u00fczemelt\u00e9k a sz\u00f6k\u0151kutakat"},"content":{"rendered":"<div class='booster-block booster-read-block'><\/div><p>A k\u00e9t emberarc\u00fa k\u00e9r\u00e9szp\u00e1r medenc\u00e9je is megtelt v\u00edzzel n\u00e9h\u00e1ny nappal ezel\u0151tt a Tisza Haj\u00f3sok ter\u00e9n. A Szolnoki Sportcentrum munkat\u00e1rsai m\u00e1r tavasszal megkezdt\u00e9k a sz\u00f6k\u0151kutak m\u0171szaki \u00e1tvizsg\u00e1l\u00e1s\u00e1t \u00e9s sz\u00fcks\u00e9gess\u00e9g eset\u00e9n rekonstrukci\u00f3j\u00e1t.<\/p>\n<p>-M\u00e1jus elsej\u00e9t megel\u0151z\u0151en kett\u0151 h\u00f3nappal l\u00e1tjuk el, v\u00e9gezz\u00fck el a karbantart\u00e1si feladatokat a v\u00e1ros sz\u00f6k\u0151k\u00fatjain\u00e1l. Ezek a szivatty\u00fak m\u0171szaki \u00e1llapot\u00e1t vizsg\u00e1lj\u00e1k meg \u00e9s amennyiben az sz\u00fcks\u00e9ges azt leszerelj\u00fck, jav\u00edtjuk \u00e9s karbantartjuk, majd ennek a visszahelyez\u00e9se t\u00f6rt\u00e9nik meg. &#8211; mondta Gyurcs\u00f3 J\u00f3zsefn\u00e9, a Szolnoki Sportcentrum Nonprofit Kft. m\u0171szaki igazgat\u00f3helyettese.<\/p>\n<p>A medenc\u00e9kn\u00e9l elv\u00e9gezt\u00e9k a tiszt\u00edt\u00f3 fest\u00e9st \u00e9s v\u00edzk\u0151 mentes\u00edt\u00e9st. A Sportcentrum munkat\u00e1rsai napi szinten ellen\u0151rzik a sz\u00f6k\u0151kutak helyes m\u0171k\u00f6d\u00e9s\u00e9t \u00e9s probl\u00e9ma eset\u00e9n szervizelik. A lefoly\u00f3k rendszeres takar\u00edt\u00e1sa is kiemelten fontos, ugyanis nem csak a f\u00e1k lombhullad\u00e9ka t\u00f6m\u00edtheti el azokat, hanem az emberek \u00e1ltal a sz\u00f6k\u0151kutakba dob\u00e1lt kavicsok is. A napsug\u00e1rz\u00e1s okozta alg\u00e1sod\u00e1st is hetente kezelik. A sz\u00f6k\u0151kutak rendeltet\u00e9s szerinti haszn\u00e1lat\u00e1ra t\u00e1bla figyelmeztet. T\u00f6bbek k\u00f6zt tilos benn\u00fck f\u00fcrdeni, hab\u00e1r ezt nem mindenki tartja be.<\/p>\n<div style=\"width: 640px;\" class=\"wp-video\"><!--[if lt IE 9]><script>document.createElement('video');<\/script><![endif]-->\n<video class=\"wp-video-shortcode\" id=\"video-8867-1\" width=\"640\" height=\"360\" preload=\"metadata\" controls=\"controls\"><source type=\"video\/mp4\" src=\"\/spots\/hir\/hir_180502_03.mp4?_=1\" \/><a href=\"\/spots\/hir\/hir_180502_03.mp4\">\/spots\/hir\/hir_180502_03.mp4<\/a><\/video><\/div>\n","protected":false},"excerpt":{"rendered":"<p>A k\u00e9t emberarc\u00fa k\u00e9r\u00e9szp\u00e1r medenc\u00e9je is megtelt v\u00edzzel n\u00e9h\u00e1ny nappal ezel\u0151tt a Tisza Haj\u00f3sok ter\u00e9n. A Szolnoki Sportcentrum munkat\u00e1rsai m\u00e1r tavasszal megkezdt\u00e9k a sz\u00f6k\u0151kutak m\u0171szaki \u00e1tvizsg\u00e1l\u00e1s\u00e1t \u00e9s sz\u00fcks\u00e9gess\u00e9g eset\u00e9n rekonstrukci\u00f3j\u00e1t. -M\u00e1jus elsej\u00e9t megel\u0151z\u0151en kett\u0151 h\u00f3nappal l\u00e1tjuk el, v\u00e9gezz\u00fck el a karbantart\u00e1si feladatokat a v\u00e1ros sz\u00f6k\u0151k\u00fatjain\u00e1l. Ezek a szivatty\u00fak m\u0171szaki \u00e1llapot\u00e1t vizsg\u00e1lj\u00e1k meg \u00e9s amennyiben az [&hellip;]<\/p>\n","protected":false},"author":2,"featured_media":0,"comment_status":"closed","ping_status":"closed","sticky":false,"template":"","format":"standard","meta":[],"categories":[9],"tags":[],"_links":{"self":[{"href":"http:\/\/archiv.szolnoktv.hu\/index.php?rest_route=\/wp\/v2\/posts\/8867"}],"collection":[{"href":"http:\/\/archiv.szolnoktv.hu\/index.php?rest_route=\/wp\/v2\/posts"}],"about":[{"href":"http:\/\/archiv.szolnoktv.hu\/index.php?rest_route=\/wp\/v2\/types\/post"}],"author":[{"embeddable":true,"href":"http:\/\/archiv.szolnoktv.hu\/index.php?rest_route=\/wp\/v2\/users\/2"}],"replies":[{"embeddable":true,"href":"http:\/\/archiv.szolnoktv.hu\/index.php?rest_route=%2Fwp%2Fv2%2Fcomments&post=8867"}],"version-history":[{"count":1,"href":"http:\/\/archiv.szolnoktv.hu\/index.php?rest_route=\/wp\/v2\/posts\/8867\/revisions"}],"predecessor-version":[{"id":8926,"href":"http:\/\/archiv.szolnoktv.hu\/index.php?rest_route=\/wp\/v2\/posts\/8867\/revisions\/8926"}],"wp:attachment":[{"href":"http:\/\/archiv.szolnoktv.hu\/index.php?rest_route=%2Fwp%2Fv2%2Fmedia&parent=8867"}],"wp:term":[{"taxonomy":"category","embeddable":true,"href":"http:\/\/archiv.szolnoktv.hu\/index.php?rest_route=%2Fwp%2Fv2%2Fcategories&post=8867"},{"taxonomy":"post_tag","embeddable":true,"href":"http:\/\/archiv.szolnoktv.hu\/index.php?rest_route=%2Fwp%2Fv2%2Ftags&post=8867"}],"curies":[{"name":"wp","href":"https:\/\/api.w.org\/{rel}","templated":true}]}}