{"id":8866,"date":"2018-05-02T16:20:45","date_gmt":"2018-05-02T16:20:45","guid":{"rendered":"http:\/\/archiv.szolnoktv.hu\/?p=8866"},"modified":"2021-08-14T14:01:28","modified_gmt":"2021-08-14T14:01:28","slug":"muveszeti-vetelkedo-a-fiumeiben","status":"publish","type":"post","link":"http:\/\/archiv.szolnoktv.hu\/?p=8866","title":{"rendered":"M\u0171v\u00e9szeti vet\u00e9lked\u0151 a Fiumeiben"},"content":{"rendered":"<div class='booster-block booster-read-block'><\/div><p>Megyei k\u00e9pz\u0151m\u0171v\u00e9szeti vet\u00e9lked\u0151nek indult, m\u00e1ra komplex ter\u00fcleti m\u0171v\u00e9szeti versenny\u00e9 n\u0151tte ki mag\u00e1t a Fiumei \u00fati \u00c1ltal\u00e1nos Iskola legn\u00e9pszer\u0171bb megm\u00e9rettet\u00e9se. A 11. alkot\u00f3versenyre  &#8211;   melynek els\u0151dleges c\u00e9lja a tehets\u00e9gek felkutat\u00e1sa &#8211; az orsz\u00e1g sz\u00e1mos pontj\u00e1r\u00f3l \u00e9rkeztek gyerekek, t\u00f6bb mint 300-an m\u00e9rt\u00e9k \u00f6ssze tud\u00e1sukat. Mint minden \u00e9vben id\u00e9n is adott volt a t\u00e9ma. <\/p>\n<p>M\u00e1r n\u00e9gy k\u00fcl\u00f6nb\u00f6z\u0151 alkot\u00f3i m\u0171fajban:  fest\u00e9s, szobr\u00e1szat fogalmaz\u00e1s mellett sz\u00e1m\u00edt\u00f3g\u00e9pes grafika kateg\u00f3ri\u00e1ban m\u00e9rik \u00f6ssze tud\u00e1sukat a fiatalok. Az els\u0151 \u00edzben meghirdetett sz\u00e1m\u00edt\u00f3g\u00e9pes grafik\u00e1ra a v\u00e1rtn\u00e1l is t\u00f6bb di\u00e1k jelentkezett. <\/p>\n<p> A legt\u00f6bb nevez\u00e9s fest\u00e9szet valamint szobr\u00e1szat kateg\u00f3ri\u00e1ban \u00e9rkezett. <br \/>A t\u00f6bb sz\u00e1z alkot\u00e1st neves zs\u0171ri \u00e9rt\u00e9kelte. A versenyen k\u00e9sz\u00fclt munk\u00e1kb\u00f3l pedig ki\u00e1ll\u00edt\u00e1st szerveznek a Damjanich J\u00e1nos M\u00fazeumban.<br \/>\n<br \/>\n<div style=\"width: 640px;\" class=\"wp-video\"><!--[if lt IE 9]><script>document.createElement('video');<\/script><![endif]-->\n<video class=\"wp-video-shortcode\" id=\"video-8866-1\" width=\"640\" height=\"360\" preload=\"metadata\" controls=\"controls\"><source type=\"video\/mp4\" src=\"\/spots\/hir\/hir_180502_02.mp4?_=1\" \/><a href=\"\/spots\/hir\/hir_180502_02.mp4\">\/spots\/hir\/hir_180502_02.mp4<\/a><\/video><\/div><\/p>\n","protected":false},"excerpt":{"rendered":"<p>Megyei k\u00e9pz\u0151m\u0171v\u00e9szeti vet\u00e9lked\u0151nek indult, m\u00e1ra komplex ter\u00fcleti m\u0171v\u00e9szeti versenny\u00e9 n\u0151tte ki mag\u00e1t a Fiumei \u00fati \u00c1ltal\u00e1nos Iskola legn\u00e9pszer\u0171bb megm\u00e9rettet\u00e9se. A 11. alkot\u00f3versenyre &#8211; melynek els\u0151dleges c\u00e9lja a tehets\u00e9gek felkutat\u00e1sa &#8211; az orsz\u00e1g sz\u00e1mos pontj\u00e1r\u00f3l \u00e9rkeztek gyerekek, t\u00f6bb mint 300-an m\u00e9rt\u00e9k \u00f6ssze tud\u00e1sukat. Mint minden \u00e9vben id\u00e9n is adott volt a t\u00e9ma. M\u00e1r n\u00e9gy k\u00fcl\u00f6nb\u00f6z\u0151 alkot\u00f3i [&hellip;]<\/p>\n","protected":false},"author":2,"featured_media":0,"comment_status":"closed","ping_status":"closed","sticky":false,"template":"","format":"standard","meta":[],"categories":[9],"tags":[],"_links":{"self":[{"href":"http:\/\/archiv.szolnoktv.hu\/index.php?rest_route=\/wp\/v2\/posts\/8866"}],"collection":[{"href":"http:\/\/archiv.szolnoktv.hu\/index.php?rest_route=\/wp\/v2\/posts"}],"about":[{"href":"http:\/\/archiv.szolnoktv.hu\/index.php?rest_route=\/wp\/v2\/types\/post"}],"author":[{"embeddable":true,"href":"http:\/\/archiv.szolnoktv.hu\/index.php?rest_route=\/wp\/v2\/users\/2"}],"replies":[{"embeddable":true,"href":"http:\/\/archiv.szolnoktv.hu\/index.php?rest_route=%2Fwp%2Fv2%2Fcomments&post=8866"}],"version-history":[{"count":1,"href":"http:\/\/archiv.szolnoktv.hu\/index.php?rest_route=\/wp\/v2\/posts\/8866\/revisions"}],"predecessor-version":[{"id":8927,"href":"http:\/\/archiv.szolnoktv.hu\/index.php?rest_route=\/wp\/v2\/posts\/8866\/revisions\/8927"}],"wp:attachment":[{"href":"http:\/\/archiv.szolnoktv.hu\/index.php?rest_route=%2Fwp%2Fv2%2Fmedia&parent=8866"}],"wp:term":[{"taxonomy":"category","embeddable":true,"href":"http:\/\/archiv.szolnoktv.hu\/index.php?rest_route=%2Fwp%2Fv2%2Fcategories&post=8866"},{"taxonomy":"post_tag","embeddable":true,"href":"http:\/\/archiv.szolnoktv.hu\/index.php?rest_route=%2Fwp%2Fv2%2Ftags&post=8866"}],"curies":[{"name":"wp","href":"https:\/\/api.w.org\/{rel}","templated":true}]}}