{"id":8865,"date":"2018-05-02T15:23:34","date_gmt":"2018-05-02T15:23:34","guid":{"rendered":"http:\/\/archiv.szolnoktv.hu\/?p=8865"},"modified":"2021-08-14T14:01:29","modified_gmt":"2021-08-14T14:01:29","slug":"elindult-az-ovodai-beiratkozas","status":"publish","type":"post","link":"http:\/\/archiv.szolnoktv.hu\/?p=8865","title":{"rendered":"Elindult az \u00f3vodai beiratkoz\u00e1s"},"content":{"rendered":"<div class='booster-block booster-read-block'><\/div><p>Ma reggel nyolc \u00f3rakor elkezd\u0151d\u00f6tt a beiratkoz\u00e1s a szolnoki \u00f3vod\u00e1kba.  A Pitypang Tag\u00f3vod\u00e1ban m\u00e1r d\u00e9lel\u0151tt \u00e9rkeztek az els\u0151 jelentkez\u0151k. <br \/>A sz\u00fcl\u0151k az \u00e1ltaluk els\u0151 helyen v\u00e1lasztott \u00f3vod\u00e1ban ny\u00fajthatj\u00e1k be a jelentkez\u00e9si lapot. Sz\u00fcks\u00e9g\u00fck lesz a gyermek sz\u00fclet\u00e9si anyak\u00f6nyvi kivonat\u00e1ra, lakc\u00edmk\u00e1rty\u00e1ra, a sz\u00fcl\u0151k szem\u00e9lyazonos\u00edt\u00f3 igazolv\u00e1ny\u00e1ra. Az \u00f3vodai jelentkez\u00e9s hat\u00e1rideje m\u00e1jus nyolcadika. <\/p>\n<p>-Ha nem adj\u00e1k be nyolcadik\u00e1ig a jelentkez\u00e9si lapot, b\u00e1rmilyen akad\u00e1lyoztat\u00e1s eset\u00e9n a kedves sz\u00fcl\u0151k, akkor itt a Baross \u00fat 1 alatt, a m\u00e1sodik emeleten, a Szolnok V\u00e1rosi \u00d3vod\u00e1k k\u00f6zpontj\u00e1ban m\u00e9g megtehetik. &#8211; &#8211; mondta  Csomorn\u00e9 T\u00f3ta Rita, tan\u00fcgyigazgat\u00e1si igazgat\u00f3helyettes.<\/p>\n<p> A pontos kit\u00f6lt\u00e9s kulcsfontoss\u00e1g\u00fa . A megadott lakc\u00edmre \u00e9rkeznek ugyanis majd a hat\u00e1rozatok, melyet minden sz\u00fcl\u0151nek m\u00e1jus 22 -ig meg kell kapnia. Aki nem el\u00e9gedett a hat\u00e1rozatban foglaltakkal fellebbezhet. Igyekeznek figyelembe venni a sz\u00fcl\u0151i k\u00e9r\u00e9seket, ugyanakkor mindenkinek azt javasolj\u00e1k, hogy t\u00f6bb \u00f3vod\u00e1t jel\u00f6lj\u00f6n be a jelentkez\u00e9si lapon. Jelenleg 1960 \u00f3vod\u00e1s nevel\u00e9se zajlik a szolnoki int\u00e9zm\u00e9nyekben. V\u00e1rhat\u00f3an 550 hely szabadul fel szeptembert\u0151l a 18 tag\u00f3vod\u00e1ban. <\/p>\n<div style=\"width: 640px;\" class=\"wp-video\"><!--[if lt IE 9]><script>document.createElement('video');<\/script><![endif]-->\n<video class=\"wp-video-shortcode\" id=\"video-8865-1\" width=\"640\" height=\"360\" preload=\"metadata\" controls=\"controls\"><source type=\"video\/mp4\" src=\"\/spots\/hir\/hir_180502_04.mp4?_=1\" \/><a href=\"\/spots\/hir\/hir_180502_04.mp4\">\/spots\/hir\/hir_180502_04.mp4<\/a><\/video><\/div>\n","protected":false},"excerpt":{"rendered":"<p>Ma reggel nyolc \u00f3rakor elkezd\u0151d\u00f6tt a beiratkoz\u00e1s a szolnoki \u00f3vod\u00e1kba. A Pitypang Tag\u00f3vod\u00e1ban m\u00e1r d\u00e9lel\u0151tt \u00e9rkeztek az els\u0151 jelentkez\u0151k. A sz\u00fcl\u0151k az \u00e1ltaluk els\u0151 helyen v\u00e1lasztott \u00f3vod\u00e1ban ny\u00fajthatj\u00e1k be a jelentkez\u00e9si lapot. Sz\u00fcks\u00e9g\u00fck lesz a gyermek sz\u00fclet\u00e9si anyak\u00f6nyvi kivonat\u00e1ra, lakc\u00edmk\u00e1rty\u00e1ra, a sz\u00fcl\u0151k szem\u00e9lyazonos\u00edt\u00f3 igazolv\u00e1ny\u00e1ra. Az \u00f3vodai jelentkez\u00e9s hat\u00e1rideje m\u00e1jus nyolcadika. -Ha nem adj\u00e1k be nyolcadik\u00e1ig [&hellip;]<\/p>\n","protected":false},"author":2,"featured_media":0,"comment_status":"closed","ping_status":"closed","sticky":false,"template":"","format":"standard","meta":[],"categories":[9],"tags":[],"_links":{"self":[{"href":"http:\/\/archiv.szolnoktv.hu\/index.php?rest_route=\/wp\/v2\/posts\/8865"}],"collection":[{"href":"http:\/\/archiv.szolnoktv.hu\/index.php?rest_route=\/wp\/v2\/posts"}],"about":[{"href":"http:\/\/archiv.szolnoktv.hu\/index.php?rest_route=\/wp\/v2\/types\/post"}],"author":[{"embeddable":true,"href":"http:\/\/archiv.szolnoktv.hu\/index.php?rest_route=\/wp\/v2\/users\/2"}],"replies":[{"embeddable":true,"href":"http:\/\/archiv.szolnoktv.hu\/index.php?rest_route=%2Fwp%2Fv2%2Fcomments&post=8865"}],"version-history":[{"count":1,"href":"http:\/\/archiv.szolnoktv.hu\/index.php?rest_route=\/wp\/v2\/posts\/8865\/revisions"}],"predecessor-version":[{"id":8928,"href":"http:\/\/archiv.szolnoktv.hu\/index.php?rest_route=\/wp\/v2\/posts\/8865\/revisions\/8928"}],"wp:attachment":[{"href":"http:\/\/archiv.szolnoktv.hu\/index.php?rest_route=%2Fwp%2Fv2%2Fmedia&parent=8865"}],"wp:term":[{"taxonomy":"category","embeddable":true,"href":"http:\/\/archiv.szolnoktv.hu\/index.php?rest_route=%2Fwp%2Fv2%2Fcategories&post=8865"},{"taxonomy":"post_tag","embeddable":true,"href":"http:\/\/archiv.szolnoktv.hu\/index.php?rest_route=%2Fwp%2Fv2%2Ftags&post=8865"}],"curies":[{"name":"wp","href":"https:\/\/api.w.org\/{rel}","templated":true}]}}