{"id":8864,"date":"2018-05-02T15:12:35","date_gmt":"2018-05-02T15:12:35","guid":{"rendered":"http:\/\/archiv.szolnoktv.hu\/?p=8864"},"modified":"2021-08-14T14:01:29","modified_gmt":"2021-08-14T14:01:29","slug":"szunyoggyerites-3","status":"publish","type":"post","link":"http:\/\/archiv.szolnoktv.hu\/?p=8864","title":{"rendered":"Sz\u00fanyoggy\u00e9r\u00edt\u00e9s"},"content":{"rendered":"<div class='booster-block booster-read-block'><\/div><p>Katasztrof\u00e1lis helyzet alakult ki sz\u00fanyog szempontb\u00f3l. Mindez igaz a Tisza \u00e9s a Duna ment\u00e9n is. Az \u00e1prilisban nem jellemz\u0151 30 celsius fok k\u00f6r\u00fcli h\u0151m\u00e9rs\u00e9klet, a levonul\u00f3 \u00e1rhull\u00e1m, a v\u00edz ut\u00e1n marad\u00f3 tocsog\u00f3k, az \u00e1rterek iszapos talaja kedvez a sz\u00fanyogsz\u00e1m n\u00f6veked\u00e9snek. B\u00e1r a gy\u00e9r\u00edt\u00e9s a m\u00falt h\u00e9ten Szolnokn\u00e1l elkezd\u0151d\u00f6tt, a v\u00e1ltoz\u00f3 id\u0151j\u00e1r\u00e1s ennek sem kedvezett. P\u00e9nteken a meleg k\u00f6d\u00f6s gy\u00e9r\u00edt\u00e9st elv\u00e9gezt\u00e9k a v\u00e1rosban, de a l\u00e9gi k\u00e9miai irt\u00e1sra csak szombaton volt lehet\u0151s\u00e9g.<br \/>&#8220;Ha az id\u0151j\u00e1r\u00e1sban nem indulnak komoly es\u0151z\u00e9sek, akkor a <br \/>teny\u00e9sz\u0151helyek sz\u0171k\u00fclnek, \u00e9rezhet\u0151bb lesz a k\u00e9miai beavatkoz\u00e1s. Jelenleg nem tart\u00f3s, hi\u00e1ba v\u00e9gezz\u00fck el a munk\u00e1t.&#8221; -mondta D\u00e9nes G\u00e1bor vezet\u0151 f\u0151tan\u00e1csos.<br \/>A sz\u00fanyogpopul\u00e1ci\u00f3nak kedvez\u0151 id\u0151j\u00e1r\u00e1si \u00e9s talajviszonyok miatt folyamatos az ut\u00e1np\u00f3tl\u00e1s.<br \/>Legut\u00f3bb 2010-ben volt hasonl\u00f3 helyzet. A t\u0171r\u00e9ssz\u00e1m \u00f3r\u00e1nk\u00e9nt 60 cs\u00edp\u00e9s, ami most el\u00e9ri Szolnokn\u00e1l a 200-at.<br \/>A szakemberek a k\u00f6vetkez\u0151 l\u00e9gi k\u00e9miai gy\u00e9r\u00edt\u00e9st p\u00e9ntekre tervezik. A k\u00f6vetkez\u0151 beavatkoz\u00e1s kifejezetten a sz\u00fanyoggal fert\u0151z\u00f6tt ter\u00fcleteket \u00e9rinti majd, \u00edgy a belv\u00e1rost \u00e9s a Sz\u00e9chenyi lak\u00f3telepet nem.<br \/>&#8220;P\u00e9ntekt\u0151l nem 3750 hekt\u00e1ron hanem 2000 hekt\u00e1ron lesz, ahol a kel\u00e9 intenz\u00edv, a Szandai t\u00e9rs\u00e9g, V\u00edzpart k\u00f6r\u00fat, Tiszaliget, Alcsi v\u00e1rosr\u00e9sz, Vegyi szennyv\u00edztiszt\u00edt\u00f3 k\u00f6rny\u00e9ke.&#8221; -folytatta a vezet\u0151 f\u0151tan\u00e1csos.<br \/>A h\u00e9tv\u00e9gi beavatkoz\u00e1st az id\u00e9n m\u00e9g h\u00e1rom k\u00f6veti. Mindemellett a Katasztr\u00f3fav\u00e9delem az eg\u00e9sz orsz\u00e1got \u00e9rint\u0151en m\u00e1jus 12-\u00e9n ind\u00edtja a l\u00e9gi k\u00e9miai irt\u00e1st.<br \/>\n<br \/>\n<div style=\"width: 640px;\" class=\"wp-video\"><!--[if lt IE 9]><script>document.createElement('video');<\/script><![endif]-->\n<video class=\"wp-video-shortcode\" id=\"video-8864-1\" width=\"640\" height=\"360\" preload=\"metadata\" controls=\"controls\"><source type=\"video\/mp4\" src=\"\/spots\/hir\/hir_180502_01.mp4?_=1\" \/><a href=\"\/spots\/hir\/hir_180502_01.mp4\">\/spots\/hir\/hir_180502_01.mp4<\/a><\/video><\/div><\/p>\n","protected":false},"excerpt":{"rendered":"<p>Katasztrof\u00e1lis helyzet alakult ki sz\u00fanyog szempontb\u00f3l. Mindez igaz a Tisza \u00e9s a Duna ment\u00e9n is. Az \u00e1prilisban nem jellemz\u0151 30 celsius fok k\u00f6r\u00fcli h\u0151m\u00e9rs\u00e9klet, a levonul\u00f3 \u00e1rhull\u00e1m, a v\u00edz ut\u00e1n marad\u00f3 tocsog\u00f3k, az \u00e1rterek iszapos talaja kedvez a sz\u00fanyogsz\u00e1m n\u00f6veked\u00e9snek. B\u00e1r a gy\u00e9r\u00edt\u00e9s a m\u00falt h\u00e9ten Szolnokn\u00e1l elkezd\u0151d\u00f6tt, a v\u00e1ltoz\u00f3 id\u0151j\u00e1r\u00e1s ennek sem kedvezett. P\u00e9nteken [&hellip;]<\/p>\n","protected":false},"author":2,"featured_media":0,"comment_status":"closed","ping_status":"closed","sticky":false,"template":"","format":"standard","meta":[],"categories":[9],"tags":[],"_links":{"self":[{"href":"http:\/\/archiv.szolnoktv.hu\/index.php?rest_route=\/wp\/v2\/posts\/8864"}],"collection":[{"href":"http:\/\/archiv.szolnoktv.hu\/index.php?rest_route=\/wp\/v2\/posts"}],"about":[{"href":"http:\/\/archiv.szolnoktv.hu\/index.php?rest_route=\/wp\/v2\/types\/post"}],"author":[{"embeddable":true,"href":"http:\/\/archiv.szolnoktv.hu\/index.php?rest_route=\/wp\/v2\/users\/2"}],"replies":[{"embeddable":true,"href":"http:\/\/archiv.szolnoktv.hu\/index.php?rest_route=%2Fwp%2Fv2%2Fcomments&post=8864"}],"version-history":[{"count":1,"href":"http:\/\/archiv.szolnoktv.hu\/index.php?rest_route=\/wp\/v2\/posts\/8864\/revisions"}],"predecessor-version":[{"id":8929,"href":"http:\/\/archiv.szolnoktv.hu\/index.php?rest_route=\/wp\/v2\/posts\/8864\/revisions\/8929"}],"wp:attachment":[{"href":"http:\/\/archiv.szolnoktv.hu\/index.php?rest_route=%2Fwp%2Fv2%2Fmedia&parent=8864"}],"wp:term":[{"taxonomy":"category","embeddable":true,"href":"http:\/\/archiv.szolnoktv.hu\/index.php?rest_route=%2Fwp%2Fv2%2Fcategories&post=8864"},{"taxonomy":"post_tag","embeddable":true,"href":"http:\/\/archiv.szolnoktv.hu\/index.php?rest_route=%2Fwp%2Fv2%2Ftags&post=8864"}],"curies":[{"name":"wp","href":"https:\/\/api.w.org\/{rel}","templated":true}]}}