{"id":8863,"date":"2018-05-01T17:27:26","date_gmt":"2018-05-01T17:27:26","guid":{"rendered":"http:\/\/archiv.szolnoktv.hu\/?p=8863"},"modified":"2021-08-14T14:01:29","modified_gmt":"2021-08-14T14:01:29","slug":"diakszinjatszok-talalkoztak","status":"publish","type":"post","link":"http:\/\/archiv.szolnoktv.hu\/?p=8863","title":{"rendered":"Di\u00e1ksz\u00ednj\u00e1tsz\u00f3k tal\u00e1lkoztak"},"content":{"rendered":"<div class='booster-block booster-read-block'><\/div><p>El\u0151ad\u00e1sra k\u00e9sz\u00fclnek a gy\u0151ri sz\u00ednj\u00e1tsz\u00f3k\u00f6r tagjai .  Szakk\u00f6z\u00e9piskolai \u00e9s gimn\u00e1ziumi tanul\u00f3k a t\u00e1rsulat tagjai. <\/p>\n<p> Balla Rich\u00e1rd , Gy\u0151r:<\/p>\n<p>-&#8220;Nek\u00fcnk ez az els\u0151 lehet\u0151s\u00e9g\u00fcnk, hogy itt lehet\u00fcnk a tal\u00e1lkoz\u00f3n . 3 \u00e9ve dolgozunk egy\u00fctt \u00e9s az idei \u00e9vben siker\u00fclt od\u00e1ig eljutnunk, \u00e9s olyan el\u0151ad\u00e1st l\u00e9trehoznunk, ami a region\u00e1lis zs\u0171ri tetsz\u00e9s\u00e9t elnyerte \u00e9s \u00edgy tov\u00e1bbjuttatta erre a fesztiv\u00e1lra. &#8211;<\/p>\n<p>A sz\u00ednj\u00e1tsz\u00e1s sok mindent kinyit a fiatalokon \u00e9s fejleszti a szem\u00e9lyis\u00e9g\u00fcket-mondta a rendez\u0151. <\/p>\n<p>Salamon Eszter: <\/p>\n<p>-&#8220;Nagyon sok sz\u00e1momra addig idegen sz\u00ednj\u00e1tsz\u00f3st ismerek meg  \u00e9s sok bar\u00e1tot szereztem \u00edgy. A felk\u00e9sz\u00fcl\u00e9s, a sz\u00f6vegtanul\u00e1s pedig fejleszti a mem\u00f3ri\u00e1t, ami a tanul\u00e1sban is seg\u00edt. &#8211;<\/p>\n<p> Ol\u00e1h Krisztina :<\/p>\n<p>-&#8220;Nagyon sokat tanulok a fel\u0151l, hogy hogyan viselkedjek felszabadultan. Egy komplett \u00f6nismereti tr\u00e9ninggel fel\u00e9r  az eg\u00e9sz sz\u00ednj\u00e1tsz\u00f3z\u00e1s. Ez az eg\u00e9sz mag\u00e1ban foglalja azt is, hogy \u00faj emberekkel kell k\u00f6z\u00f6s hangot megtal\u00e1lni   \u00e9s nagyon nagy energi\u00e1val kell dolgozni \u00e9s nem szabad sz\u00e9gyellni val\u00f3t hozni magaddal \u00e9s nagyon sok korl\u00e1tot kell ehhez \u00e1tl\u00e9pni. &#8211;<\/p>\n<p> Szolnokra a Robban\u00e1s az \u00e9jszak\u00e1ban c. Norv\u00e9g kort\u00e1rs dr\u00e1m\u00e1t hozt\u00e1k el. <\/p>\n<p>R\u00e1tkai Andrea menedzser, m\u0171v\u00e9szeti vezet\u0151 Orsz\u00e1gos Di\u00e1ksz\u00ednj\u00e1tsz\u00f3 Egyes\u00fclet: <\/p>\n<p>-&#8220;T\u00f6bb mint m\u00e1sf\u00e9l sz\u00e1z di\u00e1ksz\u00ednj\u00e1tsz\u00f3 csoport van itt jelen, k\u00f6zel 200 r\u00e9sztvev\u0151vel. Az\u00e9rt mert nemcsak di\u00e1ksz\u00ednj\u00e1tsz\u00f3 csoportok vannak itt jelen. Mert az Orsz\u00e1gos Di\u00e1ksz\u00ednj\u00e1tsz\u00f3 Egyes\u00fcletnek  az volt a sz\u00e1nd\u00e9ka, hogy h\u00edvjunk olyan rendez\u0151ket, csoportvezet\u0151ket is, akiknek a sz\u00ednj\u00e1tsz\u00f3i nem jutottak be erre a fesztiv\u00e1lra. &#8211;<\/p>\n<p> A tr\u00e9nerek r\u00e9szt vehettek foglalkoz\u00e1sokon,tal\u00e1lkoz\u00f3kon, m\u00edg a sz\u00ednj\u00e1tsz\u00f3 csoportok egym\u00e1s el\u0151ad\u00e1sait l\u00e1thatt\u00e1k. 15 csapat l\u00e9pett sz\u00ednpadra, 20 el\u0151ad\u00e1st l\u00e1thatott a k\u00f6z\u00f6ns\u00e9g. A legt\u00f6bb darab kort\u00e1rs, mert a m\u0171veket  saj\u00e1tos sz\u0171r\u0151j\u00fck\u00f6n \u00e1t  \u00fajra gondolt\u00e1k a  di\u00e1kok.<br \/>\n<br \/>\n<div style=\"width: 640px;\" class=\"wp-video\"><!--[if lt IE 9]><script>document.createElement('video');<\/script><![endif]-->\n<video class=\"wp-video-shortcode\" id=\"video-8863-1\" width=\"640\" height=\"360\" preload=\"metadata\" controls=\"controls\"><source type=\"video\/mp4\" src=\"\/spots\/hir\/hir_180501_02.mp4?_=1\" \/><a href=\"\/spots\/hir\/hir_180501_02.mp4\">\/spots\/hir\/hir_180501_02.mp4<\/a><\/video><\/div><\/p>\n","protected":false},"excerpt":{"rendered":"<p>El\u0151ad\u00e1sra k\u00e9sz\u00fclnek a gy\u0151ri sz\u00ednj\u00e1tsz\u00f3k\u00f6r tagjai . Szakk\u00f6z\u00e9piskolai \u00e9s gimn\u00e1ziumi tanul\u00f3k a t\u00e1rsulat tagjai. Balla Rich\u00e1rd , Gy\u0151r: -&#8220;Nek\u00fcnk ez az els\u0151 lehet\u0151s\u00e9g\u00fcnk, hogy itt lehet\u00fcnk a tal\u00e1lkoz\u00f3n . 3 \u00e9ve dolgozunk egy\u00fctt \u00e9s az idei \u00e9vben siker\u00fclt od\u00e1ig eljutnunk, \u00e9s olyan el\u0151ad\u00e1st l\u00e9trehoznunk, ami a region\u00e1lis zs\u0171ri tetsz\u00e9s\u00e9t elnyerte \u00e9s \u00edgy tov\u00e1bbjuttatta erre a [&hellip;]<\/p>\n","protected":false},"author":2,"featured_media":0,"comment_status":"closed","ping_status":"closed","sticky":false,"template":"","format":"standard","meta":[],"categories":[9],"tags":[],"_links":{"self":[{"href":"http:\/\/archiv.szolnoktv.hu\/index.php?rest_route=\/wp\/v2\/posts\/8863"}],"collection":[{"href":"http:\/\/archiv.szolnoktv.hu\/index.php?rest_route=\/wp\/v2\/posts"}],"about":[{"href":"http:\/\/archiv.szolnoktv.hu\/index.php?rest_route=\/wp\/v2\/types\/post"}],"author":[{"embeddable":true,"href":"http:\/\/archiv.szolnoktv.hu\/index.php?rest_route=\/wp\/v2\/users\/2"}],"replies":[{"embeddable":true,"href":"http:\/\/archiv.szolnoktv.hu\/index.php?rest_route=%2Fwp%2Fv2%2Fcomments&post=8863"}],"version-history":[{"count":1,"href":"http:\/\/archiv.szolnoktv.hu\/index.php?rest_route=\/wp\/v2\/posts\/8863\/revisions"}],"predecessor-version":[{"id":8930,"href":"http:\/\/archiv.szolnoktv.hu\/index.php?rest_route=\/wp\/v2\/posts\/8863\/revisions\/8930"}],"wp:attachment":[{"href":"http:\/\/archiv.szolnoktv.hu\/index.php?rest_route=%2Fwp%2Fv2%2Fmedia&parent=8863"}],"wp:term":[{"taxonomy":"category","embeddable":true,"href":"http:\/\/archiv.szolnoktv.hu\/index.php?rest_route=%2Fwp%2Fv2%2Fcategories&post=8863"},{"taxonomy":"post_tag","embeddable":true,"href":"http:\/\/archiv.szolnoktv.hu\/index.php?rest_route=%2Fwp%2Fv2%2Ftags&post=8863"}],"curies":[{"name":"wp","href":"https:\/\/api.w.org\/{rel}","templated":true}]}}