{"id":8862,"date":"2018-05-01T17:16:16","date_gmt":"2018-05-01T17:16:16","guid":{"rendered":"http:\/\/archiv.szolnoktv.hu\/?p=8862"},"modified":"2021-08-14T14:01:29","modified_gmt":"2021-08-14T14:01:29","slug":"majalis-a-tiszaligetben","status":"publish","type":"post","link":"http:\/\/archiv.szolnoktv.hu\/?p=8862","title":{"rendered":"Maj\u00e1lis a Tiszaligetben"},"content":{"rendered":"<div class='booster-block booster-read-block'><\/div><p>Szolnokon is sz\u00e1mos program v\u00e1rta a munka \u00fcnnep\u00e9n a kikapcsol\u00f3dni v\u00e1gy\u00f3kat. \u00cdgy sokan v\u00e1lasztott\u00e1k szabadidej\u00fck elt\u00f6lt\u00e9s\u00e9re a Tiszaligetet, ahol kedv\u00fckre n\u00e9zel\u0151dhettek ehettek \u00e9s ihattak. Az \u00e1rusok k\u00f6z\u00f6tt van olyan, aki m\u00e1r 37. \u00e9ve j\u00e1r a m\u00e1jus elsejei rendezv\u00e9nyre \u00edgy \u00f6ssze tudja hasonl\u00edtani, hogy \u00e9vr\u0151l \u00e9vre hogyan v\u00e1ltozik. <\/p>\n<p>,,Ezel\u0151tt m\u00e1sabb volt a m\u00e1jus elseje, mivel nagyon sok munkahelyr\u0151l, dolgoz\u00f3k itten f\u0151ztek, akkor meg volt a virsli, a f\u0151tt kolb\u00e1sz must\u00e1rral. Ezt m\u00e9g most is nagyon ig\u00e9nyeln\u00e9k.&#8221; -mes\u00e9lte: N\u00e1das L\u00e1szl\u00f3n\u00e9<\/p>\n<p>,,Annak volt egy csal\u00e1d \u00f6sszetart\u00f3 meg koll\u00e9g\u00e1k \u00f6sszetart\u00f3 szerepe, ereje az eg\u00e9sznek. Itt mindenki megy k\u00fcl\u00f6n csak, egy-k\u00e9t ember vagy csal\u00e1d k\u00fcl\u00f6n, de az, hogy tal\u00e1lkozzanak az emberek, ismer\u0151s\u00f6k. Azt n\u00e9zz\u00fck, hogy most sehol nem tal\u00e1lkozunk \u00e9n m\u00e9g nem is l\u00e1ttunk ismer\u0151s arcokat. Az annyival volt jobb. Az k\u00f6telez\u0151 volt itt meg az j\u00f6n ki aki akar. Ez a k\u00fcl\u00f6nb\u00f6zet a kett\u0151 k\u00f6z\u00f6tt, de j\u00f3l \u00e9rezz\u00fck magunkat&#8221;-mondta: Papp Istv\u00e1n<\/p>\n<p>,,Visszahozza a r\u00e9gi id\u0151k hangulat\u00e1t, a gyerekkoromat. Igen akkor is mikor ett\u00fck a vattacukrot, azt\u00e1n t\u00f6r\u00f6km\u00e9zet. Azt m\u00e9g nem l\u00e1ttam de biztosan van. Az illatok a zene. Teh\u00e1t teljesen visszahozza a r\u00e9gi id\u0151ket nekem. &#8211; -mes\u00e9lte: Orovecz S\u00e1ndorn\u00e9<\/p>\n<p>,,M\u00e9g nem r\u00e9gen \u00e9rkezt\u00fcnk. Ap\u00e1nak az els\u0151 dolga a s\u00f6r volt. A gyereknek a k\u00fcrt\u00f6skal\u00e1cs. \u00dagy hogy a serg\u0151z\u00e9s m\u00e1r megvolt. Egyel\u0151re m\u00e9g nem tudjuk, hogy merre tov\u00e1bb.&#8221;<\/p>\n<p>A mai fiatalokat is megragadja a maj\u00e1lis hangulata. Legt\u00f6bben bar\u00e1tokkal \u00e9s a csal\u00e1ddal \u00e9rkeztek. <\/p>\n<p>,,Igen, csal\u00e1ddal j\u00f6tt\u00fcnk. Ez lesz az els\u0151 program amin r\u00e9szt vesz\u00fcnk.&#8221; -Lackner Luca<\/p>\n<p>,,Kij\u00f6tt\u00fcnk a bemutat\u00f3t megn\u00e9zni. A kutyust szoktatni az emberekhez \u00e9s enni&#8221;- Polg\u00e1r Anna<\/p>\n<p>,,Hogy a bar\u00e1taimmal egy\u00fctt legyek \u00e9s ez is egy j\u00f3 sz\u00f3rakoz\u00e1snak min\u0151s\u00fcl. Meg ugye az extr\u00e9m is nagyon izgat minket.&#8221;- S\u00edpos Bernadett<\/p>\n<p>,,Kicsit mozog az ember, ismer\u0151s\u00f6kkel tal\u00e1lkozik, akiket r\u00e9g nem l\u00e1tott \u00e9s ez\u00e9rt kij\u00f6v\u00fcnk s\u00e9t\u00e1lni egyet, hogy j\u00f3l \u00e9rezz\u00fck magunkat. V\u00e9g\u00fcl is igen. Az \u00e1rusok viszont visszahozz\u00e1k a r\u00e9gi f\u00edlinget. \u00dagy hogy \u00e9rdemes kij\u00f6nni, mert rengeteg bar\u00e1ttal tal\u00e1lkozunk.&#8221;-felelte: Majoros T\u00fcnde \u00e9s Farag\u00f3 L\u00e1szl\u00f3 <\/p>\n<p>,,Eddig j\u00f3l \u00e9rezz\u00fck magunkat. M\u00e9g eddig csak a dodzsemet pr\u00f3b\u00e1ltuk ki. Ezt majd most fogjuk kipr\u00f3b\u00e1lni.&#8221;- Fajth Dominika<\/p>\n<p>A sz\u00ednpadon a szolnoki civil szervezetek mellett neves el\u0151ad\u00f3k mutatkoztak be. A szervez\u0151k k\u00e9s\u0151 estig v\u00e1rj\u00e1k a kikapcsol\u00f3dni v\u00e1gy\u00f3kat a Tiszaligetbe.<br \/>\n<br \/>\n<div style=\"width: 640px;\" class=\"wp-video\"><!--[if lt IE 9]><script>document.createElement('video');<\/script><![endif]-->\n<video class=\"wp-video-shortcode\" id=\"video-8862-1\" width=\"640\" height=\"360\" preload=\"metadata\" controls=\"controls\"><source type=\"video\/mp4\" src=\"\/spots\/hir\/hir_180501_06.mp4?_=1\" \/><a href=\"\/spots\/hir\/hir_180501_06.mp4\">\/spots\/hir\/hir_180501_06.mp4<\/a><\/video><\/div><\/p>\n","protected":false},"excerpt":{"rendered":"<p>Szolnokon is sz\u00e1mos program v\u00e1rta a munka \u00fcnnep\u00e9n a kikapcsol\u00f3dni v\u00e1gy\u00f3kat. \u00cdgy sokan v\u00e1lasztott\u00e1k szabadidej\u00fck elt\u00f6lt\u00e9s\u00e9re a Tiszaligetet, ahol kedv\u00fckre n\u00e9zel\u0151dhettek ehettek \u00e9s ihattak. Az \u00e1rusok k\u00f6z\u00f6tt van olyan, aki m\u00e1r 37. \u00e9ve j\u00e1r a m\u00e1jus elsejei rendezv\u00e9nyre \u00edgy \u00f6ssze tudja hasonl\u00edtani, hogy \u00e9vr\u0151l \u00e9vre hogyan v\u00e1ltozik. ,,Ezel\u0151tt m\u00e1sabb volt a m\u00e1jus elseje, mivel nagyon [&hellip;]<\/p>\n","protected":false},"author":2,"featured_media":0,"comment_status":"closed","ping_status":"closed","sticky":false,"template":"","format":"standard","meta":[],"categories":[9],"tags":[],"_links":{"self":[{"href":"http:\/\/archiv.szolnoktv.hu\/index.php?rest_route=\/wp\/v2\/posts\/8862"}],"collection":[{"href":"http:\/\/archiv.szolnoktv.hu\/index.php?rest_route=\/wp\/v2\/posts"}],"about":[{"href":"http:\/\/archiv.szolnoktv.hu\/index.php?rest_route=\/wp\/v2\/types\/post"}],"author":[{"embeddable":true,"href":"http:\/\/archiv.szolnoktv.hu\/index.php?rest_route=\/wp\/v2\/users\/2"}],"replies":[{"embeddable":true,"href":"http:\/\/archiv.szolnoktv.hu\/index.php?rest_route=%2Fwp%2Fv2%2Fcomments&post=8862"}],"version-history":[{"count":1,"href":"http:\/\/archiv.szolnoktv.hu\/index.php?rest_route=\/wp\/v2\/posts\/8862\/revisions"}],"predecessor-version":[{"id":8931,"href":"http:\/\/archiv.szolnoktv.hu\/index.php?rest_route=\/wp\/v2\/posts\/8862\/revisions\/8931"}],"wp:attachment":[{"href":"http:\/\/archiv.szolnoktv.hu\/index.php?rest_route=%2Fwp%2Fv2%2Fmedia&parent=8862"}],"wp:term":[{"taxonomy":"category","embeddable":true,"href":"http:\/\/archiv.szolnoktv.hu\/index.php?rest_route=%2Fwp%2Fv2%2Fcategories&post=8862"},{"taxonomy":"post_tag","embeddable":true,"href":"http:\/\/archiv.szolnoktv.hu\/index.php?rest_route=%2Fwp%2Fv2%2Ftags&post=8862"}],"curies":[{"name":"wp","href":"https:\/\/api.w.org\/{rel}","templated":true}]}}