{"id":8861,"date":"2018-05-01T17:11:13","date_gmt":"2018-05-01T17:11:13","guid":{"rendered":"http:\/\/archiv.szolnoktv.hu\/?p=8861"},"modified":"2021-08-14T14:01:29","modified_gmt":"2021-08-14T14:01:29","slug":"buzaszenteles-a-jo-termesert","status":"publish","type":"post","link":"http:\/\/archiv.szolnoktv.hu\/?p=8861","title":{"rendered":"B\u00fazaszentel\u00e9s a j\u00f3 term\u00e9s\u00e9rt"},"content":{"rendered":"<div class='booster-block booster-read-block'><\/div><p>Traktor vontatta p\u00f3tkocsin \u00e9rkeztek a b\u00fazaf\u00f6ldre szombaton az \u00e9rdekl\u0151d\u0151k. Ez\u00fattal Szandasz\u0151l\u0151s\u00f6n szentelt\u00e9k meg a b\u00faz\u00e1t a Bereczki M\u00e1t\u00e9 Gazdak\u00f6r szervez\u00e9s\u00e9ben. <\/p>\n<p>Serf\u0151z\u0151 Imre eln\u00f6k,  Bereczki M\u00e1t\u00e9 Gazdak\u00f6r: <\/p>\n<p>-&#8220;Jobb term\u00e9s lesz , jobb kil\u00e1t\u00e1sok lesznek. Ez ne is igazol\u00f3dott sz\u00e1mtalanszor. Ez egy j\u00f3 hagyom\u00e1ny, j\u00f3 n\u00e9pszok\u00e1s. &#8211;<\/p>\n<p>A\u00a0b\u00fazaszentel\u00e9s\u00a0a hat\u00e1r, a b\u00faza- \u00e9s gabonaf\u00f6ldek meg\u00e1ld\u00e1sa a\u00a0kereszt\u00e9ny\u00a0liturgi\u00e1kban,\u00a0pog\u00e1ny\u00a0eredet\u0171\u00a0n\u00e9pszok\u00e1s. Erre \u00a0Szent M\u00e1rk\u00a0napj\u00e1n vagy egy ehhez k\u00f6zel es\u0151 napon ker\u00fcl sor. A haragos z\u00f6ld b\u00fazat\u00e1bla m\u00e1r ma is szemet gy\u00f6ny\u00f6rk\u00f6dtet\u0151 l\u00e1tv\u00e1ny. Sok munka van benne.<\/p>\n<p> Potori R\u00f3bert \u0151stermel\u0151: <\/p>\n<p> -&#8220;Most a b\u00faza a z\u00e1szl\u00f3s leveleit kezdi hozni , n\u00e9melyik el\u0151re hozta. A k\u00f6vetkez\u0151 kezel\u00e9s j\u00f6v\u0151 h\u00e9ten zajlik, ugye a z\u00e1szl\u00f3s levelet v\u00e9deni kell, majd a vir\u00e1gz\u00e1sban lesz a k\u00f6vetkez\u0151 permetez\u00e9s\u00fcnk. A b\u00faza jelenlegi id\u0151j\u00e1r\u00e1st tekintve elfogadhat\u00f3. B\u00edzunk benne, hogy az elk\u00f6vetkez\u0151 napokban lesz es\u0151 \u00e9s akkor m\u00e9g b\u0151 term\u00e9st is v\u00e1rhatn\u00e1nk. &#8211;<\/p>\n<p> A b\u00fazaszentel\u0151n K\u00f3m\u00e1r Istv\u00e1n pl\u00e9b\u00e1nos az ember \u00e9s a f\u00f6ld kapcsolat\u00e1r\u00f3l is besz\u00e9lt az egybegy\u0171lteknek. <\/p>\n<p>K\u00f3m\u00e1r Istv\u00e1n pl\u00e9b\u00e1nos: <\/p>\n<p>-&#8220;Amikor megszentelj\u00fck a sarjad\u00f3 vet\u00e9st, mi tudjuk, hogy ez nek\u00fcnk a f\u00f6ldi \u00e9letet jelenti. De sosem szabad megfeledkezn\u00fcnk arr\u00f3l, hogy  a f\u00f6ldi \u00e9letet is aj\u00e1nd\u00e9kba kaptuk a J\u00f3istent\u0151l , az\u00e9rt, hogy haszn\u00e1ljuk \u00e9rtelemmel, megbecs\u00fcl\u00e9ssel, ahogyan azt \u0151 r\u00e1nk b\u00edzta. &#8211;<\/p>\n<p> A gazda gondos keze , az \u00e1ld\u00e1s mellett a term\u00e9szet kegyeire is sz\u00fcks\u00e9g van, hogy az idei term\u00e9s megfelel\u0151 legyen-v\u00e9lik a gazd\u00e1k. <br \/>A pl\u00e9b\u00e1nos a n\u00e9gy \u00e9gt\u00e1j fel\u00e9 fordulva mondott foh\u00e1szt. J\u00f3 id\u0151t, gazdag term\u00e9st k\u00e9rve az \u00e9giekt\u0151l. <\/p>\n<div style=\"width: 640px;\" class=\"wp-video\"><!--[if lt IE 9]><script>document.createElement('video');<\/script><![endif]-->\n<video class=\"wp-video-shortcode\" id=\"video-8861-1\" width=\"640\" height=\"360\" preload=\"metadata\" controls=\"controls\"><source type=\"video\/mp4\" src=\"\/spots\/hir\/hir_180501_05.mp4?_=1\" \/><a href=\"\/spots\/hir\/hir_180501_05.mp4\">\/spots\/hir\/hir_180501_05.mp4<\/a><\/video><\/div>\n","protected":false},"excerpt":{"rendered":"<p>Traktor vontatta p\u00f3tkocsin \u00e9rkeztek a b\u00fazaf\u00f6ldre szombaton az \u00e9rdekl\u0151d\u0151k. Ez\u00fattal Szandasz\u0151l\u0151s\u00f6n szentelt\u00e9k meg a b\u00faz\u00e1t a Bereczki M\u00e1t\u00e9 Gazdak\u00f6r szervez\u00e9s\u00e9ben. Serf\u0151z\u0151 Imre eln\u00f6k, Bereczki M\u00e1t\u00e9 Gazdak\u00f6r: -&#8220;Jobb term\u00e9s lesz , jobb kil\u00e1t\u00e1sok lesznek. Ez ne is igazol\u00f3dott sz\u00e1mtalanszor. Ez egy j\u00f3 hagyom\u00e1ny, j\u00f3 n\u00e9pszok\u00e1s. &#8211; A\u00a0b\u00fazaszentel\u00e9s\u00a0a hat\u00e1r, a b\u00faza- \u00e9s gabonaf\u00f6ldek meg\u00e1ld\u00e1sa a\u00a0kereszt\u00e9ny\u00a0liturgi\u00e1kban,\u00a0pog\u00e1ny\u00a0eredet\u0171\u00a0n\u00e9pszok\u00e1s. Erre \u00a0Szent [&hellip;]<\/p>\n","protected":false},"author":2,"featured_media":0,"comment_status":"closed","ping_status":"closed","sticky":false,"template":"","format":"standard","meta":[],"categories":[9],"tags":[],"_links":{"self":[{"href":"http:\/\/archiv.szolnoktv.hu\/index.php?rest_route=\/wp\/v2\/posts\/8861"}],"collection":[{"href":"http:\/\/archiv.szolnoktv.hu\/index.php?rest_route=\/wp\/v2\/posts"}],"about":[{"href":"http:\/\/archiv.szolnoktv.hu\/index.php?rest_route=\/wp\/v2\/types\/post"}],"author":[{"embeddable":true,"href":"http:\/\/archiv.szolnoktv.hu\/index.php?rest_route=\/wp\/v2\/users\/2"}],"replies":[{"embeddable":true,"href":"http:\/\/archiv.szolnoktv.hu\/index.php?rest_route=%2Fwp%2Fv2%2Fcomments&post=8861"}],"version-history":[{"count":1,"href":"http:\/\/archiv.szolnoktv.hu\/index.php?rest_route=\/wp\/v2\/posts\/8861\/revisions"}],"predecessor-version":[{"id":8932,"href":"http:\/\/archiv.szolnoktv.hu\/index.php?rest_route=\/wp\/v2\/posts\/8861\/revisions\/8932"}],"wp:attachment":[{"href":"http:\/\/archiv.szolnoktv.hu\/index.php?rest_route=%2Fwp%2Fv2%2Fmedia&parent=8861"}],"wp:term":[{"taxonomy":"category","embeddable":true,"href":"http:\/\/archiv.szolnoktv.hu\/index.php?rest_route=%2Fwp%2Fv2%2Fcategories&post=8861"},{"taxonomy":"post_tag","embeddable":true,"href":"http:\/\/archiv.szolnoktv.hu\/index.php?rest_route=%2Fwp%2Fv2%2Ftags&post=8861"}],"curies":[{"name":"wp","href":"https:\/\/api.w.org\/{rel}","templated":true}]}}