{"id":8860,"date":"2018-05-01T17:08:10","date_gmt":"2018-05-01T17:08:10","guid":{"rendered":"http:\/\/archiv.szolnoktv.hu\/?p=8860"},"modified":"2021-08-14T14:01:30","modified_gmt":"2021-08-14T14:01:30","slug":"koszoruzas-a-famunkas-emlekmunel","status":"publish","type":"post","link":"http:\/\/archiv.szolnoktv.hu\/?p=8860","title":{"rendered":"Koszor\u00faz\u00e1s a Famunk\u00e1s eml\u00e9km\u0171n\u00e9l"},"content":{"rendered":"<div class='booster-block booster-read-block'><\/div><p>A kordokumentumnak sz\u00e1m\u00edt\u00f3 eml\u00e9kfaln\u00e1l a Munk\u00e1sp\u00e1rt megyei eln\u00f6ke: Bencsik Mih\u00e1ly a p\u00e1rt idei orsz\u00e1ggy\u0171l\u00e9si k\u00e9pvisel\u0151 jel\u00f6ltj\u00e9t: Kalm\u00e1r D\u00e1vidot k\u00e9rte fel, hogy tartsa meg az \u00fcnnepi besz\u00e9det. A Munk\u00e1sp\u00e1rt aktivist\u00e1ja -kit\u00e9rt t\u00f6bbek k\u00f6z\u00f6tt a rendszerv\u00e1lt\u00e1s el\u0151tti k\u00f6zhangulatra: -Neked Moszkvicsod van, nekem Lad\u00e1m, szerelj\u00fck egy\u00fctt nevetve, boldogan&#8221; &#8211; id\u00e9zte fel gyermekkor\u00e1nak eml\u00e9keit.<\/p>\n<p>-Ma az emberek elhideg\u00fcltek egym\u00e1st\u00f3l, csak a p\u00e9nz sz\u00e1m\u00edt, az ember m\u00e1r nem.&#8221;<\/p>\n<p>\u00cdgy folytatta sz\u00f3noklat\u00e1t Kalm\u00e1r D\u00e1vid, aki a mai munk\u00e1soszt\u00e1ly helyzet\u00e9r\u0151l is besz\u00e9lt  r\u00e9sztvev\u0151knek. <\/p>\n<p>-Megvannak a munk\u00e1sok \u00e9s a dolgoz\u00f3k: jellemz\u0151en k\u00fclf\u00f6ldi t\u0151k\u00e9s c\u00e9gekn\u00e9l dolgoznak \u00e9s robotolnak \u00e9hb\u00e9rek\u00e9rt.&#8221;<\/p>\n<p>A nemzetk\u00f6zi munk\u00e1smozgalom kiharcolt jogak\u00e9nt haz\u00e1nkban 1890-t\u0151l \u00fcnnepelj\u00fck m\u00e1jus elsej\u00e9t a munka \u00fcnnepek\u00e9nt.<br \/>\n<br \/>\n<div style=\"width: 640px;\" class=\"wp-video\"><!--[if lt IE 9]><script>document.createElement('video');<\/script><![endif]-->\n<video class=\"wp-video-shortcode\" id=\"video-8860-1\" width=\"640\" height=\"360\" preload=\"metadata\" controls=\"controls\"><source type=\"video\/mp4\" src=\"\/spots\/hir\/hir_180501_04.mp4?_=1\" \/><a href=\"\/spots\/hir\/hir_180501_04.mp4\">\/spots\/hir\/hir_180501_04.mp4<\/a><\/video><\/div><\/p>\n","protected":false},"excerpt":{"rendered":"<p>A kordokumentumnak sz\u00e1m\u00edt\u00f3 eml\u00e9kfaln\u00e1l a Munk\u00e1sp\u00e1rt megyei eln\u00f6ke: Bencsik Mih\u00e1ly a p\u00e1rt idei orsz\u00e1ggy\u0171l\u00e9si k\u00e9pvisel\u0151 jel\u00f6ltj\u00e9t: Kalm\u00e1r D\u00e1vidot k\u00e9rte fel, hogy tartsa meg az \u00fcnnepi besz\u00e9det. A Munk\u00e1sp\u00e1rt aktivist\u00e1ja -kit\u00e9rt t\u00f6bbek k\u00f6z\u00f6tt a rendszerv\u00e1lt\u00e1s el\u0151tti k\u00f6zhangulatra: -Neked Moszkvicsod van, nekem Lad\u00e1m, szerelj\u00fck egy\u00fctt nevetve, boldogan&#8221; &#8211; id\u00e9zte fel gyermekkor\u00e1nak eml\u00e9keit. -Ma az emberek elhideg\u00fcltek egym\u00e1st\u00f3l, [&hellip;]<\/p>\n","protected":false},"author":2,"featured_media":0,"comment_status":"closed","ping_status":"closed","sticky":false,"template":"","format":"standard","meta":[],"categories":[9],"tags":[],"_links":{"self":[{"href":"http:\/\/archiv.szolnoktv.hu\/index.php?rest_route=\/wp\/v2\/posts\/8860"}],"collection":[{"href":"http:\/\/archiv.szolnoktv.hu\/index.php?rest_route=\/wp\/v2\/posts"}],"about":[{"href":"http:\/\/archiv.szolnoktv.hu\/index.php?rest_route=\/wp\/v2\/types\/post"}],"author":[{"embeddable":true,"href":"http:\/\/archiv.szolnoktv.hu\/index.php?rest_route=\/wp\/v2\/users\/2"}],"replies":[{"embeddable":true,"href":"http:\/\/archiv.szolnoktv.hu\/index.php?rest_route=%2Fwp%2Fv2%2Fcomments&post=8860"}],"version-history":[{"count":1,"href":"http:\/\/archiv.szolnoktv.hu\/index.php?rest_route=\/wp\/v2\/posts\/8860\/revisions"}],"predecessor-version":[{"id":8933,"href":"http:\/\/archiv.szolnoktv.hu\/index.php?rest_route=\/wp\/v2\/posts\/8860\/revisions\/8933"}],"wp:attachment":[{"href":"http:\/\/archiv.szolnoktv.hu\/index.php?rest_route=%2Fwp%2Fv2%2Fmedia&parent=8860"}],"wp:term":[{"taxonomy":"category","embeddable":true,"href":"http:\/\/archiv.szolnoktv.hu\/index.php?rest_route=%2Fwp%2Fv2%2Fcategories&post=8860"},{"taxonomy":"post_tag","embeddable":true,"href":"http:\/\/archiv.szolnoktv.hu\/index.php?rest_route=%2Fwp%2Fv2%2Ftags&post=8860"}],"curies":[{"name":"wp","href":"https:\/\/api.w.org\/{rel}","templated":true}]}}