{"id":8859,"date":"2018-05-01T17:01:57","date_gmt":"2018-05-01T17:01:57","guid":{"rendered":"http:\/\/archiv.szolnoktv.hu\/?p=8859"},"modified":"2021-08-14T14:01:30","modified_gmt":"2021-08-14T14:01:30","slug":"mentesi-gyakorlat-tiszafoldvaron","status":"publish","type":"post","link":"http:\/\/archiv.szolnoktv.hu\/?p=8859","title":{"rendered":"Ment\u00e9si gyakorlat Tiszaf\u00f6ldv\u00e1ron"},"content":{"rendered":"<div class='booster-block booster-read-block'><\/div><p>A telep\u00fcl\u00e9s strandf\u00fcrd\u0151je mellett rendezett bemutat\u00f3val azt demonstr\u00e1lt\u00e1k, sz\u00fcks\u00e9g eset\u00e9n hogyan hangolja \u00f6ssze a ment\u00e9st a t\u0171zolt\u00f3s\u00e1g, a polg\u00e1r\u0151rs\u00e9g, a ment\u0151szolg\u00e1lat \u00e9s a rend\u0151rs\u00e9g. A modellezett balesetben, melyben az aut\u00f3busz maga al\u00e1 temette a g\u00e9pkocsit, egy szem\u00e9ly kellett kimenteni. Hasonl\u00f3 bemutat\u00f3ra t\u00edz \u00e9ve ker\u00fclt utolj\u00e1ra sor. A modellezetthez hasonl\u00f3 baleset pedig a kilencvenes \u00e9vek v\u00e9g\u00e9n t\u00f6rt\u00e9nt Martf\u0171n. A tiszaf\u00f6ldv\u00e1ri t\u0171zolt\u00f3s\u00e1g egy\u00e9bk\u00e9nt 141 seg\u00e9lyh\u00edv\u00e1st regisztr\u00e1lt 2017- ben. Fele r\u00e9szt t\u0171zeset-, fele r\u00e9szt m\u0171szaki ment\u00e9s kapcs\u00e1n k\u00e9rtek t\u0151l\u00fck seg\u00edts\u00e9get. A helyi t\u0171zolt\u00f3s\u00e1g jelent\u0151s\u00e9g\u00e9t fel\u00e9rt\u00e9keli, hogy a szolnoki, vagy a kunszentm\u00e1rtoni l\u00e1nglovagok a t\u00e1vols\u00e1g miatt v\u00e9sz eset\u00e9n csaknem f\u00e9l \u00f3ra alatt \u00e9rn\u00e9nek Tiszaf\u00f6ldv\u00e1rra. A helyi t\u0171zolt\u00f3k Fl\u00f3ri\u00e1n napja el\u0151tt tisztelegve rendezt\u00e9k a szimul\u00e1ci\u00f3s gyakorlatot.<br \/>\n<br \/>\n<div style=\"width: 640px;\" class=\"wp-video\"><!--[if lt IE 9]><script>document.createElement('video');<\/script><![endif]-->\n<video class=\"wp-video-shortcode\" id=\"video-8859-1\" width=\"640\" height=\"360\" preload=\"metadata\" controls=\"controls\"><source type=\"video\/mp4\" src=\"\/spots\/hir\/hir_180501_03.mp4?_=1\" \/><a href=\"\/spots\/hir\/hir_180501_03.mp4\">\/spots\/hir\/hir_180501_03.mp4<\/a><\/video><\/div><\/p>\n","protected":false},"excerpt":{"rendered":"<p>A telep\u00fcl\u00e9s strandf\u00fcrd\u0151je mellett rendezett bemutat\u00f3val azt demonstr\u00e1lt\u00e1k, sz\u00fcks\u00e9g eset\u00e9n hogyan hangolja \u00f6ssze a ment\u00e9st a t\u0171zolt\u00f3s\u00e1g, a polg\u00e1r\u0151rs\u00e9g, a ment\u0151szolg\u00e1lat \u00e9s a rend\u0151rs\u00e9g. A modellezett balesetben, melyben az aut\u00f3busz maga al\u00e1 temette a g\u00e9pkocsit, egy szem\u00e9ly kellett kimenteni. Hasonl\u00f3 bemutat\u00f3ra t\u00edz \u00e9ve ker\u00fclt utolj\u00e1ra sor. A modellezetthez hasonl\u00f3 baleset pedig a kilencvenes \u00e9vek v\u00e9g\u00e9n [&hellip;]<\/p>\n","protected":false},"author":2,"featured_media":0,"comment_status":"closed","ping_status":"closed","sticky":false,"template":"","format":"standard","meta":[],"categories":[9],"tags":[],"_links":{"self":[{"href":"http:\/\/archiv.szolnoktv.hu\/index.php?rest_route=\/wp\/v2\/posts\/8859"}],"collection":[{"href":"http:\/\/archiv.szolnoktv.hu\/index.php?rest_route=\/wp\/v2\/posts"}],"about":[{"href":"http:\/\/archiv.szolnoktv.hu\/index.php?rest_route=\/wp\/v2\/types\/post"}],"author":[{"embeddable":true,"href":"http:\/\/archiv.szolnoktv.hu\/index.php?rest_route=\/wp\/v2\/users\/2"}],"replies":[{"embeddable":true,"href":"http:\/\/archiv.szolnoktv.hu\/index.php?rest_route=%2Fwp%2Fv2%2Fcomments&post=8859"}],"version-history":[{"count":1,"href":"http:\/\/archiv.szolnoktv.hu\/index.php?rest_route=\/wp\/v2\/posts\/8859\/revisions"}],"predecessor-version":[{"id":8934,"href":"http:\/\/archiv.szolnoktv.hu\/index.php?rest_route=\/wp\/v2\/posts\/8859\/revisions\/8934"}],"wp:attachment":[{"href":"http:\/\/archiv.szolnoktv.hu\/index.php?rest_route=%2Fwp%2Fv2%2Fmedia&parent=8859"}],"wp:term":[{"taxonomy":"category","embeddable":true,"href":"http:\/\/archiv.szolnoktv.hu\/index.php?rest_route=%2Fwp%2Fv2%2Fcategories&post=8859"},{"taxonomy":"post_tag","embeddable":true,"href":"http:\/\/archiv.szolnoktv.hu\/index.php?rest_route=%2Fwp%2Fv2%2Ftags&post=8859"}],"curies":[{"name":"wp","href":"https:\/\/api.w.org\/{rel}","templated":true}]}}