{"id":8858,"date":"2018-05-01T16:54:16","date_gmt":"2018-05-01T16:54:16","guid":{"rendered":"http:\/\/archiv.szolnoktv.hu\/?p=8858"},"modified":"2021-08-14T14:01:30","modified_gmt":"2021-08-14T14:01:30","slug":"megnyitott-a-tabani-tajhaz","status":"publish","type":"post","link":"http:\/\/archiv.szolnoktv.hu\/?p=8858","title":{"rendered":"Megnyitott a Tab\u00e1ni T\u00e1jh\u00e1z"},"content":{"rendered":"<div class='booster-block booster-read-block'><\/div><p>T\u00e1rogat\u00f3 muzsika h\u00edvogatta az \u00e9rdekl\u0151d\u0151ket szombaton a Tab\u00e1nban. Az orsz\u00e1gos programsorhoz csatlakozva a megyesz\u00e9khelyen is ezen a napon nyitotta meg kapuj\u00e1t a T\u00e1jh\u00e1z. <\/p>\n<p>P\u00e9tern\u00e9 Mocs\u00e1ry Magdolna,  a  Tab\u00e1ni T\u00e1jh\u00e1z h\u00e1ziasszonya: <\/p>\n<p>-&#8220;Egy kicsit ezzel az alkalommal hamarabb nyitunk most \u00e1prilisban, mert a T\u00e1jh\u00e1zak napja a Szent Gy\u00f6rgy napi h\u00e9tv\u00e9g\u00e9re esik. Szolnokon ez m\u00e1r a harmadik alkalom, hogy megrendezz\u00fck a t\u00e1jh\u00e1zak napj\u00e1t. Ez egy orsz\u00e1gos rendezv\u00e9ny. &#8211;<\/p>\n<p> C\u00e9lja, hogy id\u0151utaz\u00e1st tehess\u00fcnk a telep\u00fcl\u00e9s m\u00faltj\u00e1ba, az egykoron  ott \u00e9l\u0151 csal\u00e1dok \u00e9let\u00e9be. <\/p>\n<p> A hagyom\u00e1nyok \u0151rz\u00e9s\u00e9nek ig\u00e9nye \u00f6sszekapcsol\u00f3dik. A Kod\u00e1ly Zolt\u00e1n \u00c9nek- zenei \u00c1ltal\u00e1nos Iskola di\u00e1kjainak zen\u00e9s m\u0171sora is r\u00e9gi n\u00e9pdalokat var\u00e1zsolt  a t\u00f6rt\u00e9nelmi k\u00f6rnyezetbe. A Tab\u00e1ni T\u00e1jh\u00e1z nyit\u00e1s\u00e1nak \u00fcnnep\u00e9re k\u00e9sz\u00fcltek is a gyerekek. Volt aki egy mes\u00e9t is \u00edrt az alkalomra a valaha itt \u00e9lt hal\u00e1szr\u00f3l. <\/p>\n<p>Nemes Tekla Luca : <\/p>\n<p>-&#8220;Nagyon tetszik benne, hogy a gyerekek j\u00e1tszva megismerhetik a m\u00faltat, \u00e9s a t\u00e1jh\u00e1z \u00e9let\u00e9t meg a hal\u00e1szt aki itt lakott. Valamint rengeteg k\u00e9zm\u0171ves foglalkoz\u00e1s van, ami miatt nagyon szeretek ide j\u00e1rni. &#8211;<\/p>\n<p>Valamennyi koroszt\u00e1ly j\u00f3l \u00e9rezheti mag\u00e1t a t\u00e1jh\u00e1z k\u00fcl\u00f6nleges hangulat\u00e1ban. <\/p>\n<p> A t\u00e1jh\u00e1z szeptember 30-ig  cs\u00fct\u00f6rt\u00f6kt\u0151l vas\u00e1rnapig 13-17 \u00f3r\u00e1ig tart nyitva. A Tab\u00e1ni vend\u00e9gv\u00e1r\u00f3n k\u00e9zm\u0171ves tev\u00e9kenys\u00e9gekkel is ismerkedhettek a gyerekek. A sz\u00ednes pillang\u00f3csipesz k\u00e9sz\u00edt\u00e9se k\u00f6zben \u00e9rdekes \u00e9s hasznos t\u00f6rt\u00e9neteket hallhattak a r\u00e9gm\u00faltr\u00f3l, a hal\u00e1szcsal\u00e1d \u00e9let\u00e9r\u0151l \u00e9s mindennapjair\u00f3l.<br \/>\n<br \/>\n<div style=\"width: 640px;\" class=\"wp-video\"><!--[if lt IE 9]><script>document.createElement('video');<\/script><![endif]-->\n<video class=\"wp-video-shortcode\" id=\"video-8858-1\" width=\"640\" height=\"360\" preload=\"metadata\" controls=\"controls\"><source type=\"video\/mp4\" src=\"\/spots\/hir\/hir_180501_01.mp4?_=1\" \/><a href=\"\/spots\/hir\/hir_180501_01.mp4\">\/spots\/hir\/hir_180501_01.mp4<\/a><\/video><\/div><\/p>\n","protected":false},"excerpt":{"rendered":"<p>T\u00e1rogat\u00f3 muzsika h\u00edvogatta az \u00e9rdekl\u0151d\u0151ket szombaton a Tab\u00e1nban. Az orsz\u00e1gos programsorhoz csatlakozva a megyesz\u00e9khelyen is ezen a napon nyitotta meg kapuj\u00e1t a T\u00e1jh\u00e1z. P\u00e9tern\u00e9 Mocs\u00e1ry Magdolna, a Tab\u00e1ni T\u00e1jh\u00e1z h\u00e1ziasszonya: -&#8220;Egy kicsit ezzel az alkalommal hamarabb nyitunk most \u00e1prilisban, mert a T\u00e1jh\u00e1zak napja a Szent Gy\u00f6rgy napi h\u00e9tv\u00e9g\u00e9re esik. Szolnokon ez m\u00e1r a harmadik alkalom, [&hellip;]<\/p>\n","protected":false},"author":2,"featured_media":0,"comment_status":"closed","ping_status":"closed","sticky":false,"template":"","format":"standard","meta":[],"categories":[9],"tags":[],"_links":{"self":[{"href":"http:\/\/archiv.szolnoktv.hu\/index.php?rest_route=\/wp\/v2\/posts\/8858"}],"collection":[{"href":"http:\/\/archiv.szolnoktv.hu\/index.php?rest_route=\/wp\/v2\/posts"}],"about":[{"href":"http:\/\/archiv.szolnoktv.hu\/index.php?rest_route=\/wp\/v2\/types\/post"}],"author":[{"embeddable":true,"href":"http:\/\/archiv.szolnoktv.hu\/index.php?rest_route=\/wp\/v2\/users\/2"}],"replies":[{"embeddable":true,"href":"http:\/\/archiv.szolnoktv.hu\/index.php?rest_route=%2Fwp%2Fv2%2Fcomments&post=8858"}],"version-history":[{"count":1,"href":"http:\/\/archiv.szolnoktv.hu\/index.php?rest_route=\/wp\/v2\/posts\/8858\/revisions"}],"predecessor-version":[{"id":8935,"href":"http:\/\/archiv.szolnoktv.hu\/index.php?rest_route=\/wp\/v2\/posts\/8858\/revisions\/8935"}],"wp:attachment":[{"href":"http:\/\/archiv.szolnoktv.hu\/index.php?rest_route=%2Fwp%2Fv2%2Fmedia&parent=8858"}],"wp:term":[{"taxonomy":"category","embeddable":true,"href":"http:\/\/archiv.szolnoktv.hu\/index.php?rest_route=%2Fwp%2Fv2%2Fcategories&post=8858"},{"taxonomy":"post_tag","embeddable":true,"href":"http:\/\/archiv.szolnoktv.hu\/index.php?rest_route=%2Fwp%2Fv2%2Ftags&post=8858"}],"curies":[{"name":"wp","href":"https:\/\/api.w.org\/{rel}","templated":true}]}}