{"id":8857,"date":"2018-04-27T17:36:36","date_gmt":"2018-04-27T17:36:36","guid":{"rendered":"http:\/\/archiv.szolnoktv.hu\/?p=8857"},"modified":"2021-08-14T14:01:30","modified_gmt":"2021-08-14T14:01:30","slug":"vegzos-diakok-koszontese","status":"publish","type":"post","link":"http:\/\/archiv.szolnoktv.hu\/?p=8857","title":{"rendered":"V\u00e9gz\u0151s di\u00e1kok k\u00f6sz\u00f6nt\u00e9se"},"content":{"rendered":"<div class='booster-block booster-read-block'><\/div><p>&#8220;Legyen egy olyan hely, ahol \u00f6r\u00f6mmel vagytok.&#8221;<\/p>\n<p>Ennek a gondolatnak jegy\u00e9ben \u00fcltetnek m\u00e1r \u00e9vek \u00f3ta f\u00e1t a szolnoki k\u00f6z\u00e9piskol\u00e1s, v\u00e9gz\u0151s di\u00e1kok. 2001 \u00f3ta hagyom\u00e1ny ez, jelk\u00e9pezve a hovatartoz\u00e1st.<\/p>\n<p>&#8220;Ez a fa ami d\u00edszk\u00f6rte fa azt jelenti, hogy el\u00e1ssuk a gy\u00f6kereiteket, ahogy a fa n\u0151, ti is n\u0151t\u00f6k, de a gy\u00f6kereitek Szolnokra hoznak vissza.&#8221; &#8211; mondta Koztyu Andr\u00e1s egykori di\u00e1kpolg\u00e1rmester.<\/p>\n<p>A 7-ik fa csemet\u00e9t be\u00e1ll\u00edtott\u00e1k a hely\u00e9re, majd a gy\u00f6ker\u00e9t a di\u00e1kok a lap\u00e1tot k\u00e9zr\u0151l k\u00e9zre adva betemett\u00e9k. Nem kellet messzire menni\u00fck a V\u00e9gz\u0151s di\u00e1kok parkj\u00e1t\u00f3l a tanul\u00f3knak, hiszen p\u00e1r m\u00e9terrel vele szemben ott \u00e1ll a v\u00e1ros \u00faj jelk\u00e9pe, a di\u00e1kok k\u00f6r\u00e9ben m\u00e1ris nagy n\u00e9pszer\u0171s\u00e9gnek \u00f6rvend\u0151 &#8220;SzolnOK&#8221; felirat. \u00dcnnep\u00e9lyes keretek k\u00f6zt avatt\u00e1k fel. A bet\u0171ket \u00f6sszek\u00f6t\u0151 s\u00e1rga szalagot a di\u00e1kpolg\u00e1rmester v\u00e1gta \u00e1t. A k\u00e9r\u00e9st tett k\u00f6vette, a tanul\u00f3k azonnal mobiltelefont ragadtak, \u00e9s az els\u0151 k\u00f6z\u00f6s szelfik is elk\u00e9sz\u00fcltek. Sok id\u0151 azonban nem maradt a f\u00e9nyk\u00e9pezked\u00e9sre, hiszen a Hild t\u00e9ren m\u00e1r sz\u00f3lt a zene, \u00e9s gy\u0171lt a t\u00f6meg. Itt b\u00facs\u00faztak att\u00f3l a t\u00f6bb mint ezer v\u00e9gz\u0151s k\u00f6z\u00e9piskol\u00e1st\u00f3l, akik az elm\u00falt \u00e9vekben Szolnok iskol\u00e1iban koptatt\u00e1k a padokat.<\/p>\n<p>&#8220;\u00c9n a Verseghybe j\u00e1rok, kedves volt ez a n\u00e9gy \u00e9v, sokat tanultam, majd Pestre szeretn\u00e9k menni a Sot\u00e9ra.&#8221; &#8211; mondta Kir\u00e1lyi Mih\u00e1ly Botond.<\/p>\n<p>&#8220;\u00d3, h\u00e1t a Varg\u00e1ba j\u00e1rtam 4 \u00e9vig, fantasztikus volt a 4 \u00e9v, \u00f6r\u00fcltem, hogy siker\u00fclt beker\u00fclni, csak pozit\u00edv \u00e9lm\u00e9nnyel gazdagodtam. P\u00e9ld\u00e1ul a Kati h\u00e9t, amikor be kell \u00f6lt\u00f6zni, \u00e9s \u00fagy kell sz\u00f3rakoztatni a fels\u0151s\u00f6ket.&#8221; &#8211; mondta Verba Adrienn.<\/p>\n<p>A di\u00e1kok m\u00e1s \u00e9s m\u00e1s \u00e9lm\u00e9nnyel gazdagodtak az itt t\u00f6lt\u00f6tt \u00e9vek alatt, mindenki m\u00e1sra eml\u00e9kszik majd vissza.<\/p>\n<p>&#8220;Els\u0151sorban a bar\u00e1ts\u00e1gokra, rem\u00e9lem ezek \u00e9letre sz\u00f3lnak, \u00e9s megmaradnak az egyetemi \u00e9vek alatt is.&#8221; &#8211; mondta Barh\u00e1cs Bal\u00e1zs Marcell.<\/p>\n<p>&#8220;\u00c9n nagyon szerettem a k\u00f6z\u00e9piskol\u00e1t, mert sok mindent lehetett tanulni, \u00e9s \u00e9n szeretek tanulni.&#8221; &#8211; mondta Burj\u00e1n T\u00edmea.<\/p>\n<p>A t\u00e9ren t\u00f6bb sz\u00e1zan gy\u0171ltek \u00f6ssze.<\/p>\n<p>&#8220;A mai napon nem csak fa\u00fcltet\u00e9ssel, hanem ezzel a programmal is b\u00facs\u00fazunk t\u0151letek, hiszen hamarosan megkezd\u0151dnek a vizsg\u00e1k.&#8221; &#8211; mondta Ol\u00e1h Csenge di\u00e1kpolg\u00e1rmester.<\/p>\n<p>Szalay Ferenc polg\u00e1rmester a bar\u00e1ts\u00e1gr\u00f3l, az emberi kapcsolatokr\u00f3l besz\u00e9lt a di\u00e1koknak.<\/p>\n<p>&#8220;Nagyon fontos, hogy ebben a vil\u00e1gban, amikor mindenkinek telefonja van \u00e9s sokan virtu\u00e1lis vil\u00e1gban \u00e9lnek sokan, r\u00e1 kell j\u00f6nni, hogy a szem\u00e9lyes kapcsolatokn\u00e1l fontosabb nincs.&#8221; &#8211; mondta Szalay Ferenc polg\u00e1rmester.<\/p>\n<p>Minden v\u00e9gz\u0151s \u00e9vfolyam minden oszt\u00e1ly\u00e1nak k\u00e9pe, 1290 di\u00e1k fot\u00f3j\u00e1val beleker\u00fclt abba az oszt\u00e1lynapl\u00f3ba, melyet minden iskola k\u00e9pvisel\u0151je megkapott. Az \u00fcnneps\u00e9g bulival z\u00e1rult, el\u0151tte azonban az elballag\u00e1s jelk\u00e9pek\u00e9nt a di\u00e1kok elengedt\u00e9k a kez\u00fckben l\u00e9v\u0151 lufikat, hogy azok messze sz\u00e1llva fess\u00e9k sz\u00ednesre az eget.<br \/>\n<br \/>\n<div style=\"width: 640px;\" class=\"wp-video\"><!--[if lt IE 9]><script>document.createElement('video');<\/script><![endif]-->\n<video class=\"wp-video-shortcode\" id=\"video-8857-1\" width=\"640\" height=\"360\" preload=\"metadata\" controls=\"controls\"><source type=\"video\/mp4\" src=\"\/spots\/hir\/hir_180427_04.mp4?_=1\" \/><a href=\"\/spots\/hir\/hir_180427_04.mp4\">\/spots\/hir\/hir_180427_04.mp4<\/a><\/video><\/div><\/p>\n","protected":false},"excerpt":{"rendered":"<p>&#8220;Legyen egy olyan hely, ahol \u00f6r\u00f6mmel vagytok.&#8221; Ennek a gondolatnak jegy\u00e9ben \u00fcltetnek m\u00e1r \u00e9vek \u00f3ta f\u00e1t a szolnoki k\u00f6z\u00e9piskol\u00e1s, v\u00e9gz\u0151s di\u00e1kok. 2001 \u00f3ta hagyom\u00e1ny ez, jelk\u00e9pezve a hovatartoz\u00e1st. &#8220;Ez a fa ami d\u00edszk\u00f6rte fa azt jelenti, hogy el\u00e1ssuk a gy\u00f6kereiteket, ahogy a fa n\u0151, ti is n\u0151t\u00f6k, de a gy\u00f6kereitek Szolnokra hoznak vissza.&#8221; &#8211; mondta [&hellip;]<\/p>\n","protected":false},"author":2,"featured_media":0,"comment_status":"closed","ping_status":"closed","sticky":false,"template":"","format":"standard","meta":[],"categories":[9],"tags":[],"_links":{"self":[{"href":"http:\/\/archiv.szolnoktv.hu\/index.php?rest_route=\/wp\/v2\/posts\/8857"}],"collection":[{"href":"http:\/\/archiv.szolnoktv.hu\/index.php?rest_route=\/wp\/v2\/posts"}],"about":[{"href":"http:\/\/archiv.szolnoktv.hu\/index.php?rest_route=\/wp\/v2\/types\/post"}],"author":[{"embeddable":true,"href":"http:\/\/archiv.szolnoktv.hu\/index.php?rest_route=\/wp\/v2\/users\/2"}],"replies":[{"embeddable":true,"href":"http:\/\/archiv.szolnoktv.hu\/index.php?rest_route=%2Fwp%2Fv2%2Fcomments&post=8857"}],"version-history":[{"count":1,"href":"http:\/\/archiv.szolnoktv.hu\/index.php?rest_route=\/wp\/v2\/posts\/8857\/revisions"}],"predecessor-version":[{"id":8936,"href":"http:\/\/archiv.szolnoktv.hu\/index.php?rest_route=\/wp\/v2\/posts\/8857\/revisions\/8936"}],"wp:attachment":[{"href":"http:\/\/archiv.szolnoktv.hu\/index.php?rest_route=%2Fwp%2Fv2%2Fmedia&parent=8857"}],"wp:term":[{"taxonomy":"category","embeddable":true,"href":"http:\/\/archiv.szolnoktv.hu\/index.php?rest_route=%2Fwp%2Fv2%2Fcategories&post=8857"},{"taxonomy":"post_tag","embeddable":true,"href":"http:\/\/archiv.szolnoktv.hu\/index.php?rest_route=%2Fwp%2Fv2%2Ftags&post=8857"}],"curies":[{"name":"wp","href":"https:\/\/api.w.org\/{rel}","templated":true}]}}