{"id":8856,"date":"2018-04-27T17:19:20","date_gmt":"2018-04-27T17:19:20","guid":{"rendered":"http:\/\/archiv.szolnoktv.hu\/?p=8856"},"modified":"2021-08-14T14:01:30","modified_gmt":"2021-08-14T14:01:30","slug":"muvesztelep-regeszeti-feltaras-poharak","status":"publish","type":"post","link":"http:\/\/archiv.szolnoktv.hu\/?p=8856","title":{"rendered":"M\u0171v\u00e9sztelep r\u00e9g\u00e9szeti felt\u00e1r\u00e1s poharak"},"content":{"rendered":"<div class='booster-block booster-read-block'><\/div><p>Szolnok legr\u00e9gebben lakott szeglete rengeteg meglepet\u00e9st tartogat m\u00e9g a r\u00e9g\u00e9szek sz\u00e1m\u00e1ra. B\u00e1r alig k\u00e9t hete kezdt\u00e9k csup\u00e1n meg a m\u0171v\u00e9sztelep parkj\u00e1nak \u00fajabb felt\u00e1r\u00e1s\u00e1t, egy h\u00e1z omlad\u00e9kr\u00e9teg\u00e9b\u0151l m\u00e1ris \u00e9rdekes t\u00e1rgyak ker\u00fcltek el\u0151. \u00dcvegpoharak, amiket k\u00f6r\u00fclbel\u00fcl sz\u00e1z \u00e9vesre becs\u00fcl Dr. Kert\u00e9sz R\u00f3bert \u00e1sat\u00e1svezet\u0151 r\u00e9g\u00e9sz.<\/p>\n<p>&#8220;Nyilv\u00e1n ez az anyag amit tal\u00e1ltunk nem a r\u00e9g\u00e9szet,- a sz\u0171kebb \u00e9rtelemben vett r\u00e9g\u00e9szethez kapcsol\u00f3dik, de Szolnok t\u00f6rt\u00e9net\u00e9hez kapcsol\u00f3dik ez is. \u00c9s ebb\u0151l a korszakb\u00f3l, ebb\u0151l az id\u0151szakb\u00f3l nagyon kev\u00e9s t\u00e1rgy van bent a m\u00fazeumban \u00e9s ez\u00e9rt ezeket is megmentj\u00fck \u00e9s nyilv\u00e1n hogyha ezt felt\u00e1rtuk, ezut\u00e1n kezd\u0151dik maga a r\u00e9g\u00e9szeti f\u00f6lt\u00e1r\u00e1s. Nagyon \u00e9rt\u00e9kes \u00e9s \u00e9rdekes anyagokat tal\u00e1ltunk a legfels\u0151 szintben is.&#8221;<\/p>\n<p>A Modern V\u00e1ros Program keret\u00e9ben megval\u00f3sul\u00f3 Szolnoki M\u0171v\u00e9sztelep Fejleszt\u00e9se elnevez\u00e9s\u0171 projekt kapcs\u00e1n az El\u0151zetes R\u00e9g\u00e9szeti Dokument\u00e1ci\u00f3t Szolnok Megyei jog\u00fa V\u00e1ros megrendel\u00e9s\u00e9re a Budav\u00e1ri Kft. k\u00e9sz\u00edtette. Az elk\u00e9sz\u00fclt dokument\u00e1ci\u00f3 \u00e9s felt\u00e1r\u00e1si projektterv alapj\u00e1n a r\u00e9g\u00e9szettel \u00e9rintett ter\u00fclet 2053 m2, melyek tervezett befejez\u00e9si hat\u00e1rideje 2018 augusztus v\u00e9ge.<br \/>\n<br \/>\n<div style=\"width: 640px;\" class=\"wp-video\"><!--[if lt IE 9]><script>document.createElement('video');<\/script><![endif]-->\n<video class=\"wp-video-shortcode\" id=\"video-8856-1\" width=\"640\" height=\"360\" preload=\"metadata\" controls=\"controls\"><source type=\"video\/mp4\" src=\"\/spots\/hir\/hir_180427_03.mp4?_=1\" \/><a href=\"\/spots\/hir\/hir_180427_03.mp4\">\/spots\/hir\/hir_180427_03.mp4<\/a><\/video><\/div><\/p>\n","protected":false},"excerpt":{"rendered":"<p>Szolnok legr\u00e9gebben lakott szeglete rengeteg meglepet\u00e9st tartogat m\u00e9g a r\u00e9g\u00e9szek sz\u00e1m\u00e1ra. B\u00e1r alig k\u00e9t hete kezdt\u00e9k csup\u00e1n meg a m\u0171v\u00e9sztelep parkj\u00e1nak \u00fajabb felt\u00e1r\u00e1s\u00e1t, egy h\u00e1z omlad\u00e9kr\u00e9teg\u00e9b\u0151l m\u00e1ris \u00e9rdekes t\u00e1rgyak ker\u00fcltek el\u0151. \u00dcvegpoharak, amiket k\u00f6r\u00fclbel\u00fcl sz\u00e1z \u00e9vesre becs\u00fcl Dr. Kert\u00e9sz R\u00f3bert \u00e1sat\u00e1svezet\u0151 r\u00e9g\u00e9sz. &#8220;Nyilv\u00e1n ez az anyag amit tal\u00e1ltunk nem a r\u00e9g\u00e9szet,- a sz\u0171kebb \u00e9rtelemben vett [&hellip;]<\/p>\n","protected":false},"author":2,"featured_media":0,"comment_status":"closed","ping_status":"closed","sticky":false,"template":"","format":"standard","meta":[],"categories":[9],"tags":[],"_links":{"self":[{"href":"http:\/\/archiv.szolnoktv.hu\/index.php?rest_route=\/wp\/v2\/posts\/8856"}],"collection":[{"href":"http:\/\/archiv.szolnoktv.hu\/index.php?rest_route=\/wp\/v2\/posts"}],"about":[{"href":"http:\/\/archiv.szolnoktv.hu\/index.php?rest_route=\/wp\/v2\/types\/post"}],"author":[{"embeddable":true,"href":"http:\/\/archiv.szolnoktv.hu\/index.php?rest_route=\/wp\/v2\/users\/2"}],"replies":[{"embeddable":true,"href":"http:\/\/archiv.szolnoktv.hu\/index.php?rest_route=%2Fwp%2Fv2%2Fcomments&post=8856"}],"version-history":[{"count":1,"href":"http:\/\/archiv.szolnoktv.hu\/index.php?rest_route=\/wp\/v2\/posts\/8856\/revisions"}],"predecessor-version":[{"id":8937,"href":"http:\/\/archiv.szolnoktv.hu\/index.php?rest_route=\/wp\/v2\/posts\/8856\/revisions\/8937"}],"wp:attachment":[{"href":"http:\/\/archiv.szolnoktv.hu\/index.php?rest_route=%2Fwp%2Fv2%2Fmedia&parent=8856"}],"wp:term":[{"taxonomy":"category","embeddable":true,"href":"http:\/\/archiv.szolnoktv.hu\/index.php?rest_route=%2Fwp%2Fv2%2Fcategories&post=8856"},{"taxonomy":"post_tag","embeddable":true,"href":"http:\/\/archiv.szolnoktv.hu\/index.php?rest_route=%2Fwp%2Fv2%2Ftags&post=8856"}],"curies":[{"name":"wp","href":"https:\/\/api.w.org\/{rel}","templated":true}]}}