{"id":8855,"date":"2018-04-27T17:02:57","date_gmt":"2018-04-27T17:02:57","guid":{"rendered":"http:\/\/archiv.szolnoktv.hu\/?p=8855"},"modified":"2021-08-14T14:01:31","modified_gmt":"2021-08-14T14:01:31","slug":"magyar-kard-napja","status":"publish","type":"post","link":"http:\/\/archiv.szolnoktv.hu\/?p=8855","title":{"rendered":"Magyar Kard Napja"},"content":{"rendered":"<div class='booster-block booster-read-block'><\/div><p>&#8216;<\/p>\n<p>Borsody L\u00e1szl\u00f3, Sz\u0171ts J\u00e1nos, P\u00e9zsa Tibor \u00e9s G. Kiss Gyula &#8211; p\u00e1r szem\u00e9ly a magyar v\u00edv\u00e1s t\u00f6rt\u00e9nelm\u00e9b\u0151l. A sport\u00e1g felvir\u00e1goztat\u00e1s\u00e1ban szerepet j\u00e1tsz\u00f3 v\u00edv\u00f3mesterek munk\u00e1j\u00e1nak k\u00f6sz\u00f6nhet\u0151en a v\u00edv\u00e1s n\u00e9pszer\u0171s\u00e9ge a XXI. sz\u00e1zadban is t\u00f6retlen. A t\u00f6rt\u00e9nelmi hagyom\u00e1nyok \u00e9ltet\u00e9s\u00e9t \u00e9s tov\u00e1bb ad\u00e1s\u00e1t a 6 \u00e9vvel ezel\u0151tt Szolnokr\u00f3l indult -Magyar Kard Napja&#8221; n\u00e9vre keresztelt program is t\u00e1mogatja. <\/p>\n<p>-Mikor mi ezt 6 \u00e9vvel ezel\u0151tt elkezdt\u00fck azt l\u00e1ttuk, hogy ennek a megismertet\u00e9se valamilyen szinten sz\u00fcks\u00e9g van. Ennek a megismertet\u00e9se lehet\u0151s\u00e9get ad, hogy rendezv\u00e9nyeken fell\u00e9pj\u00fcnk, legyen m\u00e1rcius 15. vagy Szolnok Napja. De nagyon sz\u00fcks\u00e9ges, hogy esetleg egy olyan kultur\u00e1lis tev\u00e9kenys\u00e9get: t\u00e1blaavat\u00e1s, k\u00f6nyvbemutat\u00f3, dokumentum film vagy ki\u00e1ll\u00edt\u00e1s legyen, ami \u00e9rdekesen mutatja meg a v\u00edv\u00e1s lehet\u0151s\u00e9geit.&#8221;- mondta B\u00e9k\u00e9si Istv\u00e1n a Szolnoki Magyar Szablyav\u00edv\u00f3 Iskola vezet\u0151je. <\/p>\n<p>V\u00e1rosunk v\u00edv\u00f3 \u00e9let\u00e9nek t\u00f6rt\u00e9net\u00e9t mutatja be napjainkig 157 oldalon kereszt\u00fcl a -Szolnoki katona v\u00edv\u00f3k \u00e9s v\u00edv\u00f3mesterek&#8221; c\u00edm\u0171 k\u00f6nyv. Az olvas\u00f3k a szolnoki v\u00edv\u00e1s alap\u00edt\u00f3 mestereit, a Szolnoki M\u00c1V Sportegyes\u00fclet megalakul\u00e1s\u00e1t, t\u00f6rt\u00e9nelm\u00e9t \u00e9s a sportol\u00f3k eredm\u00e9nyeit is megismerhetik. A m\u00faltat eleven\u00edti fel az -Am\u00edg a kard ki nem hull a kez\u00fcnkb\u0151l&#038;#8230<br \/><\/p>\n","protected":false},"excerpt":{"rendered":"<p>&#8216; Borsody L\u00e1szl\u00f3, Sz\u0171ts J\u00e1nos, P\u00e9zsa Tibor \u00e9s G. Kiss Gyula &#8211; p\u00e1r szem\u00e9ly a magyar v\u00edv\u00e1s t\u00f6rt\u00e9nelm\u00e9b\u0151l. A sport\u00e1g felvir\u00e1goztat\u00e1s\u00e1ban szerepet j\u00e1tsz\u00f3 v\u00edv\u00f3mesterek munk\u00e1j\u00e1nak k\u00f6sz\u00f6nhet\u0151en a v\u00edv\u00e1s n\u00e9pszer\u0171s\u00e9ge a XXI. sz\u00e1zadban is t\u00f6retlen. A t\u00f6rt\u00e9nelmi hagyom\u00e1nyok \u00e9ltet\u00e9s\u00e9t \u00e9s tov\u00e1bb ad\u00e1s\u00e1t a 6 \u00e9vvel ezel\u0151tt Szolnokr\u00f3l indult -Magyar Kard Napja&#8221; n\u00e9vre keresztelt program is t\u00e1mogatja. [&hellip;]<\/p>\n","protected":false},"author":2,"featured_media":0,"comment_status":"closed","ping_status":"closed","sticky":false,"template":"","format":"standard","meta":[],"categories":[9],"tags":[],"_links":{"self":[{"href":"http:\/\/archiv.szolnoktv.hu\/index.php?rest_route=\/wp\/v2\/posts\/8855"}],"collection":[{"href":"http:\/\/archiv.szolnoktv.hu\/index.php?rest_route=\/wp\/v2\/posts"}],"about":[{"href":"http:\/\/archiv.szolnoktv.hu\/index.php?rest_route=\/wp\/v2\/types\/post"}],"author":[{"embeddable":true,"href":"http:\/\/archiv.szolnoktv.hu\/index.php?rest_route=\/wp\/v2\/users\/2"}],"replies":[{"embeddable":true,"href":"http:\/\/archiv.szolnoktv.hu\/index.php?rest_route=%2Fwp%2Fv2%2Fcomments&post=8855"}],"version-history":[{"count":1,"href":"http:\/\/archiv.szolnoktv.hu\/index.php?rest_route=\/wp\/v2\/posts\/8855\/revisions"}],"predecessor-version":[{"id":8938,"href":"http:\/\/archiv.szolnoktv.hu\/index.php?rest_route=\/wp\/v2\/posts\/8855\/revisions\/8938"}],"wp:attachment":[{"href":"http:\/\/archiv.szolnoktv.hu\/index.php?rest_route=%2Fwp%2Fv2%2Fmedia&parent=8855"}],"wp:term":[{"taxonomy":"category","embeddable":true,"href":"http:\/\/archiv.szolnoktv.hu\/index.php?rest_route=%2Fwp%2Fv2%2Fcategories&post=8855"},{"taxonomy":"post_tag","embeddable":true,"href":"http:\/\/archiv.szolnoktv.hu\/index.php?rest_route=%2Fwp%2Fv2%2Ftags&post=8855"}],"curies":[{"name":"wp","href":"https:\/\/api.w.org\/{rel}","templated":true}]}}