{"id":8854,"date":"2018-04-27T16:50:57","date_gmt":"2018-04-27T16:50:57","guid":{"rendered":"http:\/\/archiv.szolnoktv.hu\/?p=8854"},"modified":"2021-08-14T14:01:31","modified_gmt":"2021-08-14T14:01:31","slug":"iro-olvaso-talalkozo-a-szent-gyorgy-albert-altalanos-iskolaban","status":"publish","type":"post","link":"http:\/\/archiv.szolnoktv.hu\/?p=8854","title":{"rendered":"\u00cdr\u00f3-olvas\u00f3 tal\u00e1lkoz\u00f3 a Szent-Gy\u00f6rgy Albert \u00c1ltal\u00e1nos Iskol\u00e1ban"},"content":{"rendered":"<div class='booster-block booster-read-block'><\/div><p>Mikor kezdett el \u00edrni? Mi\u00e9rt \u00e1llatok j\u00e1tssz\u00e1k a f\u0151szerepet \u00e9s mi\u00e9rt kiemeltek a f\u00f6ldrajzi nevek?- ilyen k\u00e9rd\u00e9sekre kellett v\u00e1laszolni Bosny\u00e1k Vikt\u00f3ria \u00edr\u00f3-m\u0171ford\u00edt\u00f3nak a Szent-Gy\u00f6rgyi Albert \u00c1ltal\u00e1nos Iskol\u00e1ban. Az int\u00e9zm\u00e9ny 4. a oszt\u00e1lyos di\u00e1kjai az -Elek, merre keresselek&#8221; c\u00edm\u0171 k\u00f6nyvet dolgozt\u00e1k fel nemr\u00e9g. A t\u00f6rt\u00e9net mindenkinek m\u00e1s miatt tetszett. <\/p>\n<p>-Nekem az\u00e9rt tetszett a k\u00f6nyv, mert \u00e9rdekes volt vicces, humoros \u00e9s egy-k\u00e9t helyen kibogozhatatlan. De v\u00e9g\u00fcl is meglehetett \u00e9rteni. De nagyon j\u00f3l lehetett sz\u00f3rakozni f\u0151leg, amikor csoportmunk\u00e1ban dolgoztunk.&#8221;-mondta Moln\u00e1r Fl\u00f3ra Magdolna.<\/p>\n<p>Bosny\u00e1k Vikt\u00f3ria 16 \u00e9vvel ezel\u0151tt l\u00e1nyai miatt kezdett k\u00f6nyveket \u00edrni. Els\u0151 k\u00f6tete a -T\u00fcnd\u00e9rboszork\u00e1ny&#8221; c\u00edmet viseli. Az \u00edr\u00f3n\u0151 mes\u00e9iben kiemelten foglalkozik a helyes\u00edr\u00e1s tan\u00edt\u00e1s\u00e1val. <\/p>\n<p>-A gyerekeim 5 oszt\u00e1lyban egy p\u00e9nteki napon haza hoztak egy list\u00e1t, mondv\u00e1n, hogy h\u00e9tf\u0151re be kell magolni. Mondom, nem \u00e9rtem Y-os szavak m\u00e1r als\u00f3ban megvoltak. Kider\u00fclt, hogy egy\u00e1ltal\u00e1n nem volt meg. Nem volt meg. Gondoltam az lesz a legjobb, ha ezeket mind bele\u00edrom egy mes\u00e9be. A saj\u00e1t gyerekeimnek h\u00e9tf\u0151ig m\u00e1r nem tudtam eleget seg\u00edteni, de gondoltam orsz\u00e1gosan a gyerekek ennek \u00f6r\u00fclni fognak.&#8221;- mes\u00e9lte Bosny\u00e1k Vikt\u00f3ria \u00edr\u00f3-m\u0171ford\u00edt\u00f3.<\/p>\n<p>A h\u00e1rom r\u00e9szb\u0151l \u00e1ll\u00f3 Sir\u00e1lya a Kir\u00e1ly anyanyelvi sorozat seg\u00edts\u00e9g\u00e9vel a gyerekek sz\u00f3rakozva tanulhatnak. A Szent- Gy\u00f6rgyi Albert \u00c1ltal\u00e1nos Iskola 4-es tanul\u00f3i a nehezebb f\u00f6ldrajzi nevek helyes\u00edr\u00e1s\u00e1t tanult\u00e1k meg az -Elek, merre keresselek?&#8221; c\u00edm\u0171 k\u00f6nyv seg\u00edts\u00e9g\u00e9vel.<br \/>\n<br \/>\n<div style=\"width: 640px;\" class=\"wp-video\"><!--[if lt IE 9]><script>document.createElement('video');<\/script><![endif]-->\n<video class=\"wp-video-shortcode\" id=\"video-8854-1\" width=\"640\" height=\"360\" preload=\"metadata\" controls=\"controls\"><source type=\"video\/mp4\" src=\"\/spots\/hir\/hir_180427_05.mp4?_=1\" \/><a href=\"\/spots\/hir\/hir_180427_05.mp4\">\/spots\/hir\/hir_180427_05.mp4<\/a><\/video><\/div><\/p>\n","protected":false},"excerpt":{"rendered":"<p>Mikor kezdett el \u00edrni? Mi\u00e9rt \u00e1llatok j\u00e1tssz\u00e1k a f\u0151szerepet \u00e9s mi\u00e9rt kiemeltek a f\u00f6ldrajzi nevek?- ilyen k\u00e9rd\u00e9sekre kellett v\u00e1laszolni Bosny\u00e1k Vikt\u00f3ria \u00edr\u00f3-m\u0171ford\u00edt\u00f3nak a Szent-Gy\u00f6rgyi Albert \u00c1ltal\u00e1nos Iskol\u00e1ban. Az int\u00e9zm\u00e9ny 4. a oszt\u00e1lyos di\u00e1kjai az -Elek, merre keresselek&#8221; c\u00edm\u0171 k\u00f6nyvet dolgozt\u00e1k fel nemr\u00e9g. A t\u00f6rt\u00e9net mindenkinek m\u00e1s miatt tetszett. -Nekem az\u00e9rt tetszett a k\u00f6nyv, mert \u00e9rdekes [&hellip;]<\/p>\n","protected":false},"author":2,"featured_media":0,"comment_status":"closed","ping_status":"closed","sticky":false,"template":"","format":"standard","meta":[],"categories":[9],"tags":[],"_links":{"self":[{"href":"http:\/\/archiv.szolnoktv.hu\/index.php?rest_route=\/wp\/v2\/posts\/8854"}],"collection":[{"href":"http:\/\/archiv.szolnoktv.hu\/index.php?rest_route=\/wp\/v2\/posts"}],"about":[{"href":"http:\/\/archiv.szolnoktv.hu\/index.php?rest_route=\/wp\/v2\/types\/post"}],"author":[{"embeddable":true,"href":"http:\/\/archiv.szolnoktv.hu\/index.php?rest_route=\/wp\/v2\/users\/2"}],"replies":[{"embeddable":true,"href":"http:\/\/archiv.szolnoktv.hu\/index.php?rest_route=%2Fwp%2Fv2%2Fcomments&post=8854"}],"version-history":[{"count":1,"href":"http:\/\/archiv.szolnoktv.hu\/index.php?rest_route=\/wp\/v2\/posts\/8854\/revisions"}],"predecessor-version":[{"id":8939,"href":"http:\/\/archiv.szolnoktv.hu\/index.php?rest_route=\/wp\/v2\/posts\/8854\/revisions\/8939"}],"wp:attachment":[{"href":"http:\/\/archiv.szolnoktv.hu\/index.php?rest_route=%2Fwp%2Fv2%2Fmedia&parent=8854"}],"wp:term":[{"taxonomy":"category","embeddable":true,"href":"http:\/\/archiv.szolnoktv.hu\/index.php?rest_route=%2Fwp%2Fv2%2Fcategories&post=8854"},{"taxonomy":"post_tag","embeddable":true,"href":"http:\/\/archiv.szolnoktv.hu\/index.php?rest_route=%2Fwp%2Fv2%2Ftags&post=8854"}],"curies":[{"name":"wp","href":"https:\/\/api.w.org\/{rel}","templated":true}]}}