{"id":8853,"date":"2018-04-27T16:26:02","date_gmt":"2018-04-27T16:26:02","guid":{"rendered":"http:\/\/archiv.szolnoktv.hu\/?p=8853"},"modified":"2021-08-14T14:01:31","modified_gmt":"2021-08-14T14:01:31","slug":"verseghy-diakok-sikere","status":"publish","type":"post","link":"http:\/\/archiv.szolnoktv.hu\/?p=8853","title":{"rendered":"Verseghy di\u00e1kok sikere"},"content":{"rendered":"<div class='booster-block booster-read-block'><\/div><p>Kilenc verseghys di\u00e1k, akikre rendk\u00edv\u00fcl b\u00fcszke az iskol\u00e1juk. Valamennyien bejutottak az orsz\u00e1gos k\u00f6z\u00e9piskolai tanulm\u00e1nyi verseny d\u00f6nt\u0151j\u00e9be. Rendk\u00edv\u00fcli teljes\u00edtm\u00e9ny, hiszen \u00e9vente \u00e1tlagosan ez 5-6 tanul\u00f3nak siker\u00fcl. A k\u00f6z\u00e9piskol\u00e1sok legrangosabb verseny\u00e9n k\u00e9mia, fizika, francia nyelv, magyar irodalom \u00e9s nyelvtan, t\u00f6rt\u00e9nelem \u00e9s f\u00f6ldrajz tant\u00e1rgyakban t\u00f6bb dobog\u00f3s helyez\u00e9st is el\u00e9rtek. Paulovics P\u00e9ter t\u00f6rt\u00e9nelemb\u0151l els\u0151, f\u00f6ldrajzb\u00f3l 8-ik lett.<br \/>&#8220;\u00c9n k\u00f6z\u00e9pszinten tanulom a t\u00f6rt\u00e9nelmet, de probl\u00e9mamegold\u00f3 szeml\u00e9letet tanulunk, \u00e9s ezzel el\u0151nyre tettem szert a t\u00f6bbiekkel szemben.&#8221; -mondta PAULOVICS P\u00c9TER.<br \/>T\u00f6bb fordul\u00f3n kellett t\u00faljutniuk a tanul\u00f3knak, \u00e9s ehhez nem volt el\u00e9g a 4 \u00e9v tananyaga. Mih\u00e1lyi Vivien irodalom 2-ik helyezettnek p\u00e9ld\u00e1ul az antik irodalomb\u00f3l kellett felk\u00e9sz\u00fclnie \u00e9s p\u00e1lyamunk\u00e1t k\u00e9sz\u00edtenie.<br \/>&#8220;A plusz \u00f3r\u00e1kat nem tudom megsz\u00e1molni, az sok, k\u00f6nyvt\u00e1rb\u00f3l 14 k\u00f6nyvet vettem ki plusz a k\u00e9t m\u0171vet, de aki szereti, annak gyorsan elmegy ez az id\u0151.&#8221; -mondta MIH\u00c1LYI VIVIEN.<br \/>Tant\u00e1rgyank\u00e9nt t\u00f6bb ezren jelentkeznek a versenyre, k\u00f6z\u00fcl\u00fck 30-30 di\u00e1k jut a d\u00f6nt\u0151be. L\u00e1szl\u00f3 Zs\u00f3fia magyar nyelvb\u0151l lett 3-ik. \u00d5t a nyelv ir\u00e1nti \u00e9rdekl\u0151d\u00e9s motiv\u00e1lta.<br \/>&#8220;Manaps\u00e1g a fiatalok az \u00e9let\u00fcket a net el\u0151tt \u00e9lik, nem figyelnek oda a nyelvi ig\u00e9nyess\u00e9gre, ezek a versenyek a pontoss\u00e1got er\u0151s\u00edtik.&#8221; -mondta L\u00c1SZL\u00d3 ZS\u00d3FIA.<br \/>Egy egy p\u00e1lyamunka elk\u00e9sz\u00edt\u00e9se fel\u00e9r egy kis doktori dolgozattal. B\u00e1r nem mindenki k\u00e9pzeli el a j\u00f6v\u0151j\u00e9t azon a p\u00e1ly\u00e1n, amely tant\u00e1rgyb\u00f3l versenyzett, a tov\u00e1bbtanul\u00e1sn\u00e1l az eredm\u00e9ny sokat sz\u00e1m\u00edt.<br \/>&#8220;Az erk\u00f6lcsi sikeren t\u00fal a felv\u00e9teli rendszer is t\u00e1mogatja az eredm\u00e9nyt. R\u00e9gen az emelt szint\u0171 \u00e9retts\u00e9git kiv\u00e1ltotta, ma m\u00e1r csak plusz pontokat lehet kapni. Aki jobban v\u00e9gezett t\u00f6bb pontot kap.&#8221; -mondta POG\u00c1NY GYULA igazgat\u00f3.<br \/>A tanul\u00f3k p\u00e9ldak\u00e9nt \u00e1llnak iskolat\u00e1rsaik el\u0151tt, \u00e9s fel is adt\u00e1k a leck\u00e9t a k\u00f6vetkez\u0151 \u00e9vek versenyz\u0151inek. Az idei kiv\u00e1l\u00f3 teljes\u00edtm\u00e9nyt kell majd t\u00falsz\u00e1rnyalni j\u00f6v\u0151re.<br \/>\n<br \/>\n<div style=\"width: 640px;\" class=\"wp-video\"><!--[if lt IE 9]><script>document.createElement('video');<\/script><![endif]-->\n<video class=\"wp-video-shortcode\" id=\"video-8853-1\" width=\"640\" height=\"360\" preload=\"metadata\" controls=\"controls\"><source type=\"video\/mp4\" src=\"\/spots\/hir\/hir_180427_01.mp4?_=1\" \/><a href=\"\/spots\/hir\/hir_180427_01.mp4\">\/spots\/hir\/hir_180427_01.mp4<\/a><\/video><\/div><\/p>\n","protected":false},"excerpt":{"rendered":"<p>Kilenc verseghys di\u00e1k, akikre rendk\u00edv\u00fcl b\u00fcszke az iskol\u00e1juk. Valamennyien bejutottak az orsz\u00e1gos k\u00f6z\u00e9piskolai tanulm\u00e1nyi verseny d\u00f6nt\u0151j\u00e9be. Rendk\u00edv\u00fcli teljes\u00edtm\u00e9ny, hiszen \u00e9vente \u00e1tlagosan ez 5-6 tanul\u00f3nak siker\u00fcl. A k\u00f6z\u00e9piskol\u00e1sok legrangosabb verseny\u00e9n k\u00e9mia, fizika, francia nyelv, magyar irodalom \u00e9s nyelvtan, t\u00f6rt\u00e9nelem \u00e9s f\u00f6ldrajz tant\u00e1rgyakban t\u00f6bb dobog\u00f3s helyez\u00e9st is el\u00e9rtek. Paulovics P\u00e9ter t\u00f6rt\u00e9nelemb\u0151l els\u0151, f\u00f6ldrajzb\u00f3l 8-ik lett.&#8220;\u00c9n k\u00f6z\u00e9pszinten tanulom [&hellip;]<\/p>\n","protected":false},"author":2,"featured_media":0,"comment_status":"closed","ping_status":"closed","sticky":false,"template":"","format":"standard","meta":[],"categories":[9],"tags":[],"_links":{"self":[{"href":"http:\/\/archiv.szolnoktv.hu\/index.php?rest_route=\/wp\/v2\/posts\/8853"}],"collection":[{"href":"http:\/\/archiv.szolnoktv.hu\/index.php?rest_route=\/wp\/v2\/posts"}],"about":[{"href":"http:\/\/archiv.szolnoktv.hu\/index.php?rest_route=\/wp\/v2\/types\/post"}],"author":[{"embeddable":true,"href":"http:\/\/archiv.szolnoktv.hu\/index.php?rest_route=\/wp\/v2\/users\/2"}],"replies":[{"embeddable":true,"href":"http:\/\/archiv.szolnoktv.hu\/index.php?rest_route=%2Fwp%2Fv2%2Fcomments&post=8853"}],"version-history":[{"count":1,"href":"http:\/\/archiv.szolnoktv.hu\/index.php?rest_route=\/wp\/v2\/posts\/8853\/revisions"}],"predecessor-version":[{"id":8940,"href":"http:\/\/archiv.szolnoktv.hu\/index.php?rest_route=\/wp\/v2\/posts\/8853\/revisions\/8940"}],"wp:attachment":[{"href":"http:\/\/archiv.szolnoktv.hu\/index.php?rest_route=%2Fwp%2Fv2%2Fmedia&parent=8853"}],"wp:term":[{"taxonomy":"category","embeddable":true,"href":"http:\/\/archiv.szolnoktv.hu\/index.php?rest_route=%2Fwp%2Fv2%2Fcategories&post=8853"},{"taxonomy":"post_tag","embeddable":true,"href":"http:\/\/archiv.szolnoktv.hu\/index.php?rest_route=%2Fwp%2Fv2%2Ftags&post=8853"}],"curies":[{"name":"wp","href":"https:\/\/api.w.org\/{rel}","templated":true}]}}