{"id":8852,"date":"2018-04-26T17:43:42","date_gmt":"2018-04-26T17:43:42","guid":{"rendered":"http:\/\/archiv.szolnoktv.hu\/?p=8852"},"modified":"2021-08-14T14:01:31","modified_gmt":"2021-08-14T14:01:31","slug":"kozgyules-8","status":"publish","type":"post","link":"http:\/\/archiv.szolnoktv.hu\/?p=8852","title":{"rendered":"K\u00f6zgy\u0171l\u00e9s"},"content":{"rendered":"<div class='booster-block booster-read-block'><\/div><p>A hagyom\u00e1nyoknak megfelel\u0151en, a Rend\u0151rs\u00e9g Napja alkalm\u00e1b\u00f3l, ez\u00fattal is a v\u00e1ros k\u00f6zgy\u0171l\u00e9se el\u0151tt k\u00f6sz\u00f6nt\u00f6tt\u00e9k a Szolnoki Rend\u0151rkapit\u00e1nys\u00e1g egyik kiv\u00e1l\u00f3 dolgoz\u00f3j\u00e1t. Szorgalma, elk\u00f6telezetts\u00e9ge, kimagasl\u00f3 \u00e9s p\u00e9ldamutat\u00f3 munk\u00e1ja alapj\u00e1n Ecseki Rich\u00e1rd Rolf f\u0151t\u00f6rzs\u0151rmester, k\u00f6rzeti megb\u00edzott vehette \u00e1t a Police m\u00e1rk\u00e1j\u00fa kar\u00f3r\u00e1t Szalay Ferenc polg\u00e1rmestert\u0151l.<br \/>Az \u00fcnnepi pillanatokat k\u00f6vet\u0151en szem\u00e9lyi k\u00e9rd\u00e9sekr\u0151l d\u00f6nt\u00f6tt a test\u00fclet. A v\u00e1ros 7 k\u00f6znevel\u00e9si int\u00e9zm\u00e9ny\u00e9ben j\u00e1r le az eddigi vezet\u0151k megb\u00edzat\u00e1sa.<\/p>\n<p>&#8211; -Minden\u00fctt a jelenlegi, j\u00f3l m\u0171k\u00f6d\u0151 iskol\u00e1knak az igazgat\u00f3i p\u00e1ly\u00e1ztak. Egy helyen, ahol nyugd\u00edjba vonul az igazgat\u00f3, ott l\u00e1tszik, hogy egy j\u00f3l felk\u00e9sz\u00fclt helyettes  &#8211;   biztos\u00edtott\u00e1k az ut\u00e1np\u00f3tl\u00e1st  &#8211;   \u0151 p\u00e1ly\u00e1zott. Mindny\u00e1jukat nagyon j\u00f3 sz\u00edvvel tudom aj\u00e1nlani.&#8221;  &#8211;   mondta beaj\u00e1nl\u00f3j\u00e1ban Szutorisz-Sz\u00fcgyi Csongor, a Szolnoki Tanker\u00fcleti K\u00f6zpont igazgat\u00f3ja.<\/p>\n<p>A k\u00f6zgy\u0171l\u00e9s valamennyi p\u00e1ly\u00e1z\u00f3t t\u00e1mogatott, kinevez\u00e9s\u00fckr\u0151l az emberi er\u0151forr\u00e1sok minisztere d\u00f6nt. Az is eld\u0151lt, hogy a k\u00f6vetkez\u0151 4 \u00e9vben is Csat\u00e1ri Istv\u00e1n vezetheti a Szolnoki V\u00e1rosfejleszt\u0151 Zrt.-t. <br \/>A test\u00fclet ma t\u00e1rgyalta a 2017-es k\u00f6lts\u00e9gvet\u00e9s teljes\u00edt\u00e9s\u00e9r\u0151l sz\u00f3l\u00f3 besz\u00e1mol\u00f3t, ezzel lez\u00e1rta az el\u0151z\u0151 p\u00e9nz\u00fcgyi \u00e9vet a v\u00e1ros. Szab\u00f3 Istv\u00e1n alpolg\u00e1rmester hangs\u00falyozta:<\/p>\n<p>&#8211; -\u00dagy gondolom, hogy egy takar\u00e9kos, c\u00e9lszer\u0171 gazd\u00e1lkod\u00e1ssal biztos\u00edtani lehetett azt, hogy a bev\u00e9teleink \u00e9s a r\u00e1ford\u00edt\u00e1sok egyens\u00falyban vannak. S\u0151t, el\u00e9g jelent\u0151s p\u00e9nzmaradv\u00e1nyt mutat a besz\u00e1mol\u00f3. A p\u00e9nzmaradv\u00e1nyra az\u00e9rt van sz\u00fcks\u00e9g, hogy a folyamatban l\u00e9v\u0151 beruh\u00e1z\u00e1soknak a forr\u00e1sa rendelkez\u00e9sre \u00e1lljon.&#8221;<\/p>\n<p>A z\u00e1rsz\u00e1mad\u00e1st v\u00e9g\u00fcl 14 igen \u00e9s 2 tart\u00f3zkod\u00f3 szavazattal fogadt\u00e1k el a k\u00e9pvisel\u0151k, mint ahogy vita n\u00e9lk\u00fcl j\u00f3v\u00e1hagyt\u00e1k az \u00f6nkorm\u00e1nyzati tulajdon\u00fa gazdas\u00e1gi t\u00e1rsas\u00e1gok besz\u00e1mol\u00f3it, ez\u00e9vi \u00fczleti terveit.<br \/>Sikeres p\u00e1ly\u00e1zat eset\u00e9n \u00fajabb utak, j\u00e1rd\u00e1k \u00fajulhatnak meg 82 milli\u00f3 forintb\u00f3l, m\u0171f\u00fcves p\u00e1lya l\u00e9tes\u00fclhet a Szandasz\u0151l\u0151si \u00c1ltal\u00e1nos Iskol\u00e1ban \u00e9s gumibor\u00edt\u00e1s\u00fa kos\u00e1rlabda p\u00e1lya a Verseghy Ferenc Gimn\u00e1zium udvar\u00e1n, valamint megval\u00f3sul egy streetworkout p\u00e1lya a K\u0151r\u00f6si Csoma S\u00e1ndor \u00c1ltal\u00e1nos Iskol\u00e1n\u00e1l l\u00e9v\u0151 szabadt\u00e9ri sportp\u00e1lya mellett.<br \/>A mai \u00fcl\u00e9sen kider\u00fclt tov\u00e1bb\u00e1, hogy a j\u00fanius 18-t\u00f3l \u00e9letbe l\u00e9p\u0151 helyi aut\u00f3busz menetrendben csak apr\u00f3bb m\u00f3dos\u00edt\u00e1sok lesznek. N\u00e9h\u00e1ny j\u00e1rat eset\u00e9ben az indul\u00e1si id\u0151pontok v\u00e1ltoznak kisebb m\u00e9rt\u00e9kben, figyelembe v\u00e9ve az utaz\u00f3k\u00f6z\u00f6ns\u00e9g \u00e9s a munk\u00e1ltat\u00f3k jelz\u00e9seit, k\u00e9r\u00e9seit. A helyi t\u00f6megk\u00f6zleked\u00e9si szolg\u00e1ltat\u00e1s egy\u00e9bk\u00e9nt tavaly 187,5 milli\u00f3 forintj\u00e1ba ker\u00fclt az \u00f6nkorm\u00e1nyzatnak.<br \/>\n<br \/>\n<div style=\"width: 640px;\" class=\"wp-video\"><!--[if lt IE 9]><script>document.createElement('video');<\/script><![endif]-->\n<video class=\"wp-video-shortcode\" id=\"video-8852-1\" width=\"640\" height=\"360\" preload=\"metadata\" controls=\"controls\"><source type=\"video\/mp4\" src=\"\/spots\/hir\/hir_180426_06.mp4?_=1\" \/><a href=\"\/spots\/hir\/hir_180426_06.mp4\">\/spots\/hir\/hir_180426_06.mp4<\/a><\/video><\/div><\/p>\n","protected":false},"excerpt":{"rendered":"<p>A hagyom\u00e1nyoknak megfelel\u0151en, a Rend\u0151rs\u00e9g Napja alkalm\u00e1b\u00f3l, ez\u00fattal is a v\u00e1ros k\u00f6zgy\u0171l\u00e9se el\u0151tt k\u00f6sz\u00f6nt\u00f6tt\u00e9k a Szolnoki Rend\u0151rkapit\u00e1nys\u00e1g egyik kiv\u00e1l\u00f3 dolgoz\u00f3j\u00e1t. Szorgalma, elk\u00f6telezetts\u00e9ge, kimagasl\u00f3 \u00e9s p\u00e9ldamutat\u00f3 munk\u00e1ja alapj\u00e1n Ecseki Rich\u00e1rd Rolf f\u0151t\u00f6rzs\u0151rmester, k\u00f6rzeti megb\u00edzott vehette \u00e1t a Police m\u00e1rk\u00e1j\u00fa kar\u00f3r\u00e1t Szalay Ferenc polg\u00e1rmestert\u0151l.Az \u00fcnnepi pillanatokat k\u00f6vet\u0151en szem\u00e9lyi k\u00e9rd\u00e9sekr\u0151l d\u00f6nt\u00f6tt a test\u00fclet. A v\u00e1ros 7 k\u00f6znevel\u00e9si int\u00e9zm\u00e9ny\u00e9ben [&hellip;]<\/p>\n","protected":false},"author":2,"featured_media":0,"comment_status":"closed","ping_status":"closed","sticky":false,"template":"","format":"standard","meta":[],"categories":[9],"tags":[],"_links":{"self":[{"href":"http:\/\/archiv.szolnoktv.hu\/index.php?rest_route=\/wp\/v2\/posts\/8852"}],"collection":[{"href":"http:\/\/archiv.szolnoktv.hu\/index.php?rest_route=\/wp\/v2\/posts"}],"about":[{"href":"http:\/\/archiv.szolnoktv.hu\/index.php?rest_route=\/wp\/v2\/types\/post"}],"author":[{"embeddable":true,"href":"http:\/\/archiv.szolnoktv.hu\/index.php?rest_route=\/wp\/v2\/users\/2"}],"replies":[{"embeddable":true,"href":"http:\/\/archiv.szolnoktv.hu\/index.php?rest_route=%2Fwp%2Fv2%2Fcomments&post=8852"}],"version-history":[{"count":1,"href":"http:\/\/archiv.szolnoktv.hu\/index.php?rest_route=\/wp\/v2\/posts\/8852\/revisions"}],"predecessor-version":[{"id":8941,"href":"http:\/\/archiv.szolnoktv.hu\/index.php?rest_route=\/wp\/v2\/posts\/8852\/revisions\/8941"}],"wp:attachment":[{"href":"http:\/\/archiv.szolnoktv.hu\/index.php?rest_route=%2Fwp%2Fv2%2Fmedia&parent=8852"}],"wp:term":[{"taxonomy":"category","embeddable":true,"href":"http:\/\/archiv.szolnoktv.hu\/index.php?rest_route=%2Fwp%2Fv2%2Fcategories&post=8852"},{"taxonomy":"post_tag","embeddable":true,"href":"http:\/\/archiv.szolnoktv.hu\/index.php?rest_route=%2Fwp%2Fv2%2Ftags&post=8852"}],"curies":[{"name":"wp","href":"https:\/\/api.w.org\/{rel}","templated":true}]}}