{"id":8851,"date":"2018-04-26T17:33:28","date_gmt":"2018-04-26T17:33:28","guid":{"rendered":"http:\/\/archiv.szolnoktv.hu\/?p=8851"},"modified":"2021-08-14T14:01:32","modified_gmt":"2021-08-14T14:01:32","slug":"radics-gigi-szolnokon-meselt-szarmazasarol-karrierjerol","status":"publish","type":"post","link":"http:\/\/archiv.szolnoktv.hu\/?p=8851","title":{"rendered":"Radics Gigi Szolnokon mes\u00e9lt sz\u00e1rmaz\u00e1s\u00e1r\u00f3l, karrierj\u00e9r\u0151l"},"content":{"rendered":"<div class='booster-block booster-read-block'><\/div><p>-&#8220;Amikor lej\u00f6tt\u00fcnk az otthonunkb\u00f3l \u00e9s pont nyitottam ki az ajt\u00f3t, akkor j\u00f6tt egy aut\u00f3 \u00e9s kikiab\u00e1lt\u00e1k, hogy  &#8211; b\u00fcd\u00f6s cig\u00e1nyok&#8221;. \u00c9s \u00edgy n\u00e9ztem, hogy mi a franc baja van ennek. Egy\u00e9bk\u00e9nt nagyon k\u00f6sz\u00f6n\u00f6m neki, hogy  akkor azt mondta, mert akkor sz\u00fcletett meg a Barna l\u00e1ny c. sz\u00e1mom \u00e9s pont a rasszizmus ellen sz\u00f3l ez a n\u00f3ta&#8221;-mes\u00e9lte Radics Gigi. <\/p>\n<p>Az Egy\u00fctt-Egym\u00e1s\u00e9rt Ifj\u00fas\u00e1gi Klub vend\u00e9ge volt Radics Gigi. A 21 \u00e9ves \u00e9nekesn\u0151 nemcsak cig\u00e1ny sz\u00e1rmaz\u00e1s\u00e1r\u00f3l, csal\u00e1di szok\u00e1saikr\u00f3l \u00e9s karrierj\u00e9r\u0151l, hanem k\u00fczdelmeir\u0151l, neh\u00e9zs\u00e9geir\u0151l is mes\u00e9lt a gyerekeknek. El\u00e1rulta, hogy zen\u00e9sz sz\u00fclei m\u00e1r 6 \u00e9vesen felismert\u00e9k tehets\u00e9g\u00e9t, 8 \u00e9vesen pedig szigor\u00fa di\u00e9t\u00e1ra fogt\u00e1k.  <\/p>\n<p>&#8220;\u00c9n kis duci kisl\u00e1ny voltam. 8 \u00e9vesen 20 kil\u00f3t siker\u00fclt leadnom szem\u00e9lyi edz\u0151 seg\u00edts\u00e9g\u00e9vel. H\u00e1l istennek id\u0151ben felismert\u00fck ezt a probl\u00e9m\u00e1t, hogy ha valaki sz\u00ednpadon akar szerepelni, akkor ehhez ez kell. \u00c9s ezzel sajnos a mai napig pr\u00f3b\u00e1lok k\u00fczdeni. De most m\u00e1r \u00e9letform\u00e1v\u00e1 v\u00e1lt. &#8220;<\/p>\n<p>A csal\u00e1d t\u00e1mogat\u00e1sa a mai napig nagyon  er\u0151s. \u00c9desapja menedzseli az \u00e9nekesn\u0151t, Szolnokra is \u0151 k\u00eds\u00e9rte el. Elmes\u00e9lte, hogy Gigi m\u00e1r kisgyereknek nagyon c\u00e9ltudatos volt, iskola ut\u00e1n \u00e9s tanul\u00e1s mellett sokat gyakorolt. Siker\u00e9nek is ez a titka. Zenei karrierje mellett is fontosnak tartja  a tanul\u00e1st, \u00edgy a fell\u00e9p\u00e9sek mellett tavaly le\u00e9retts\u00e9gizett. P\u00e9ldak\u00e9pei Cserh\u00e1ti Zsuzsa \u00e9s Beyonc\u00e9. Bevallotta furcsa sz\u00e1m\u00e1ra, hogy ma m\u00e1r \u0151 maga is sokak p\u00e9ldak\u00e9pe. Err\u0151l a tudatoss\u00e1gr\u00f3l besz\u00e9lt a di\u00e1koknak, akiket arra biztatott : tanuljanak \u00e9s higgyenek magukban. <\/p>\n<div style=\"width: 640px;\" class=\"wp-video\"><!--[if lt IE 9]><script>document.createElement('video');<\/script><![endif]-->\n<video class=\"wp-video-shortcode\" id=\"video-8851-1\" width=\"640\" height=\"360\" preload=\"metadata\" controls=\"controls\"><source type=\"video\/mp4\" src=\"\/spots\/hir\/hir_180426_05.mp4?_=1\" \/><a href=\"\/spots\/hir\/hir_180426_05.mp4\">\/spots\/hir\/hir_180426_05.mp4<\/a><\/video><\/div>\n","protected":false},"excerpt":{"rendered":"<p>-&#8220;Amikor lej\u00f6tt\u00fcnk az otthonunkb\u00f3l \u00e9s pont nyitottam ki az ajt\u00f3t, akkor j\u00f6tt egy aut\u00f3 \u00e9s kikiab\u00e1lt\u00e1k, hogy &#8211; b\u00fcd\u00f6s cig\u00e1nyok&#8221;. \u00c9s \u00edgy n\u00e9ztem, hogy mi a franc baja van ennek. Egy\u00e9bk\u00e9nt nagyon k\u00f6sz\u00f6n\u00f6m neki, hogy akkor azt mondta, mert akkor sz\u00fcletett meg a Barna l\u00e1ny c. sz\u00e1mom \u00e9s pont a rasszizmus ellen sz\u00f3l ez a [&hellip;]<\/p>\n","protected":false},"author":2,"featured_media":0,"comment_status":"closed","ping_status":"closed","sticky":false,"template":"","format":"standard","meta":[],"categories":[9],"tags":[],"_links":{"self":[{"href":"http:\/\/archiv.szolnoktv.hu\/index.php?rest_route=\/wp\/v2\/posts\/8851"}],"collection":[{"href":"http:\/\/archiv.szolnoktv.hu\/index.php?rest_route=\/wp\/v2\/posts"}],"about":[{"href":"http:\/\/archiv.szolnoktv.hu\/index.php?rest_route=\/wp\/v2\/types\/post"}],"author":[{"embeddable":true,"href":"http:\/\/archiv.szolnoktv.hu\/index.php?rest_route=\/wp\/v2\/users\/2"}],"replies":[{"embeddable":true,"href":"http:\/\/archiv.szolnoktv.hu\/index.php?rest_route=%2Fwp%2Fv2%2Fcomments&post=8851"}],"version-history":[{"count":1,"href":"http:\/\/archiv.szolnoktv.hu\/index.php?rest_route=\/wp\/v2\/posts\/8851\/revisions"}],"predecessor-version":[{"id":8942,"href":"http:\/\/archiv.szolnoktv.hu\/index.php?rest_route=\/wp\/v2\/posts\/8851\/revisions\/8942"}],"wp:attachment":[{"href":"http:\/\/archiv.szolnoktv.hu\/index.php?rest_route=%2Fwp%2Fv2%2Fmedia&parent=8851"}],"wp:term":[{"taxonomy":"category","embeddable":true,"href":"http:\/\/archiv.szolnoktv.hu\/index.php?rest_route=%2Fwp%2Fv2%2Fcategories&post=8851"},{"taxonomy":"post_tag","embeddable":true,"href":"http:\/\/archiv.szolnoktv.hu\/index.php?rest_route=%2Fwp%2Fv2%2Ftags&post=8851"}],"curies":[{"name":"wp","href":"https:\/\/api.w.org\/{rel}","templated":true}]}}