{"id":8850,"date":"2018-04-26T16:43:18","date_gmt":"2018-04-26T16:43:18","guid":{"rendered":"http:\/\/archiv.szolnoktv.hu\/?p=8850"},"modified":"2021-08-14T14:01:32","modified_gmt":"2021-08-14T14:01:32","slug":"megyei-kozgyules-5","status":"publish","type":"post","link":"http:\/\/archiv.szolnoktv.hu\/?p=8850","title":{"rendered":"Megyei k\u00f6zgy\u0171l\u00e9s"},"content":{"rendered":"<div class='booster-block booster-read-block'><\/div><p>Az orsz\u00e1ggy\u0171l\u00e9si k\u00e9pvisel\u0151v\u00e1laszt\u00e1s eredm\u00e9ny\u00e9nek ismertet\u00e9s\u00e9vel, v\u00e9lem\u00e9nyek megfogalmaz\u00e1s\u00e1val kezd\u0151d\u00f6tt a megyei k\u00f6zgy\u0171l\u00e9s mai \u00fcl\u00e9se. A k\u00e9pvisel\u0151k ezut\u00e1n az els\u0151- kiemelt napirend t\u00e1rgyal\u00e1s\u00e1hoz fogtak. A megye k\u00f6zbiztons\u00e1g\u00e1nak helyzet\u00e9t \u00e9rt\u00e9kel\u0151 rend\u0151rs\u00e9gi tanulm\u00e1nyb\u00f3l kider\u00fcl, hogy 8084 b\u0171ncselekm\u00e9nyt regisztr\u00e1ltak sz\u0171kebb r\u00e9gi\u00f3nkban 2017- ben. A sz\u00e1m figyelemre m\u00e9lt\u00f3 annak t\u00fckr\u00e9ben, hogy egy \u00e9vvel kor\u00e1bban 17 ezern\u00e9l is t\u00f6bb esetben kellett int\u00e9zkedni. A javul\u00f3 tendencia m\u00e1s ter\u00fcleten is megmutatkozott.<\/p>\n<p>&#8220;A b\u00fcntet\u0151 elj\u00e1r\u00e1sok \u00e9s a szab\u00e1lys\u00e9rt\u00e9si elj\u00e1r\u00e1soknak a gyors\u00edt\u00e1sa \u00e9s a befejez\u00e9s\u00fcknek ar\u00e1ny\u00e1nak a n\u00f6vel\u00e9se egy fontos szempont volt. Ezt \u00fagy gondolom, hogy meg tudtuk oldani- val\u00f3ban gyorsabbak lettek a b\u00fcntet\u0151 elj\u00e1r\u00e1saink, s 2017 \u00e9v v\u00e9g\u00e9n a Magyar Rend\u0151rs\u00e9g \u00f6sszes b\u0171n\u00fcgyi szerve k\u00f6z\u00f6tt JNSZ Megyei Rend\u0151rf\u0151kapit\u00e1nys\u00e1g b\u0171n\u00fcgyi szervei a harmadik leggyorsabb nyomoz\u00f3 szervek voltak.&#8221; &#8211; mondta  Dr. Urb\u00e1n Zolt\u00e1n megyei rend\u0151rf\u0151kapit\u00e1ny <\/p>\n<p>Cs\u00f6kkent a k\u00f6zter\u00fcleten elk\u00f6vetett b\u0171ncselekm\u00e9nyek- , \u00e1m  n\u0151tt az ember\u00f6l\u00e9sek sz\u00e1ma. Alakoss\u00e1g- egy tavaly elv\u00e9gzett felm\u00e9r\u00e9s alapj\u00e1n kedvez\u0151en nyilatkozott a rend \u0151reinek munk\u00e1j\u00e1r\u00f3l.<\/p>\n<p>&#8220;Az \u00f6nkorm\u00e1nyzati felm\u00e9r\u00e9s adatai JNSZ Megy\u00e9ben hogyan min\u0151s\u00edti a telep\u00fcl\u00e9sen v\u00e9gzett rend\u0151ri tev\u00e9kenys\u00e9get- a felm\u00e9r\u00e9s szerint az \u00e1llampolg\u00e1rok 4.43- ra \u00edt\u00e9lt\u00e9k egy \u00f6t\u00f6s sk\u00e1l\u00e1n \u00e9s h\u00e1t l\u00e1that\u00f3, hogy folyamatosan javul\u00f3 tendenci\u00e1t mutat ez a mutat\u00f3. Ez azt jelenti, hogy egyre t\u00f6bb \u00e1llampolg\u00e1r gondolja \u00fagy JNSZ Megy\u00e9ben, hogy a magyar rend\u0151rs\u00e9g- ezen bel\u00fcl a f\u0151kapit\u00e1nys\u00e1gunk- j\u00f3l v\u00e9gzi a munk\u00e1j\u00e1t \u00e9s mindent megtesz annak \u00e9rdek\u00e9ben, hogy ez a min\u0151s\u00e9g tov\u00e1bbra is \u00edgy maradjon.&#8221; &#8211; tette hozz\u00e1 mondta  a megyei rend\u0151rf\u0151kapit\u00e1ny <\/p>\n<p>Cs\u00f6kkent a testi s\u00e9rt\u00e9sek- \u00e9s a kiskor\u00fa s\u00e9relm\u00e9re elk\u00f6vetett b\u0171ncselekm\u00e9nyek sz\u00e1ma, \u00e1m n\u00f6vekv\u0151 gondot jelet a k\u00e1b\u00edt\u00f3szerrel kapcsolatba hozhat\u00f3 \u00fcgyek visszaszor\u00edt\u00e1sa. A megyei k\u00f6zgy\u0171l\u00e9s mai \u00fcl\u00e9s\u00e9n a katasztr\u00f3fav\u00e9delem is besz\u00e1molt az elm\u00falt \u00e9v tapasztalatair\u00f3l. Az \u00f6sszegz\u0151 dokumentum r\u00e9szleteir\u0151l a j\u00f6v\u0151 h\u00e9ten sz\u00e1molunk be r\u00e9szletesen.<\/p>\n<div style=\"width: 640px;\" class=\"wp-video\"><!--[if lt IE 9]><script>document.createElement('video');<\/script><![endif]-->\n<video class=\"wp-video-shortcode\" id=\"video-8850-1\" width=\"640\" height=\"360\" preload=\"metadata\" controls=\"controls\"><source type=\"video\/mp4\" src=\"\/spots\/hir\/hir_180426_03.mp4?_=1\" \/><a href=\"\/spots\/hir\/hir_180426_03.mp4\">\/spots\/hir\/hir_180426_03.mp4<\/a><\/video><\/div>\n","protected":false},"excerpt":{"rendered":"<p>Az orsz\u00e1ggy\u0171l\u00e9si k\u00e9pvisel\u0151v\u00e1laszt\u00e1s eredm\u00e9ny\u00e9nek ismertet\u00e9s\u00e9vel, v\u00e9lem\u00e9nyek megfogalmaz\u00e1s\u00e1val kezd\u0151d\u00f6tt a megyei k\u00f6zgy\u0171l\u00e9s mai \u00fcl\u00e9se. A k\u00e9pvisel\u0151k ezut\u00e1n az els\u0151- kiemelt napirend t\u00e1rgyal\u00e1s\u00e1hoz fogtak. A megye k\u00f6zbiztons\u00e1g\u00e1nak helyzet\u00e9t \u00e9rt\u00e9kel\u0151 rend\u0151rs\u00e9gi tanulm\u00e1nyb\u00f3l kider\u00fcl, hogy 8084 b\u0171ncselekm\u00e9nyt regisztr\u00e1ltak sz\u0171kebb r\u00e9gi\u00f3nkban 2017- ben. A sz\u00e1m figyelemre m\u00e9lt\u00f3 annak t\u00fckr\u00e9ben, hogy egy \u00e9vvel kor\u00e1bban 17 ezern\u00e9l is t\u00f6bb esetben kellett int\u00e9zkedni. [&hellip;]<\/p>\n","protected":false},"author":2,"featured_media":0,"comment_status":"closed","ping_status":"closed","sticky":false,"template":"","format":"standard","meta":[],"categories":[9],"tags":[],"_links":{"self":[{"href":"http:\/\/archiv.szolnoktv.hu\/index.php?rest_route=\/wp\/v2\/posts\/8850"}],"collection":[{"href":"http:\/\/archiv.szolnoktv.hu\/index.php?rest_route=\/wp\/v2\/posts"}],"about":[{"href":"http:\/\/archiv.szolnoktv.hu\/index.php?rest_route=\/wp\/v2\/types\/post"}],"author":[{"embeddable":true,"href":"http:\/\/archiv.szolnoktv.hu\/index.php?rest_route=\/wp\/v2\/users\/2"}],"replies":[{"embeddable":true,"href":"http:\/\/archiv.szolnoktv.hu\/index.php?rest_route=%2Fwp%2Fv2%2Fcomments&post=8850"}],"version-history":[{"count":1,"href":"http:\/\/archiv.szolnoktv.hu\/index.php?rest_route=\/wp\/v2\/posts\/8850\/revisions"}],"predecessor-version":[{"id":8943,"href":"http:\/\/archiv.szolnoktv.hu\/index.php?rest_route=\/wp\/v2\/posts\/8850\/revisions\/8943"}],"wp:attachment":[{"href":"http:\/\/archiv.szolnoktv.hu\/index.php?rest_route=%2Fwp%2Fv2%2Fmedia&parent=8850"}],"wp:term":[{"taxonomy":"category","embeddable":true,"href":"http:\/\/archiv.szolnoktv.hu\/index.php?rest_route=%2Fwp%2Fv2%2Fcategories&post=8850"},{"taxonomy":"post_tag","embeddable":true,"href":"http:\/\/archiv.szolnoktv.hu\/index.php?rest_route=%2Fwp%2Fv2%2Ftags&post=8850"}],"curies":[{"name":"wp","href":"https:\/\/api.w.org\/{rel}","templated":true}]}}