{"id":8849,"date":"2018-04-26T16:32:03","date_gmt":"2018-04-26T16:32:03","guid":{"rendered":"http:\/\/archiv.szolnoktv.hu\/?p=8849"},"modified":"2021-08-14T14:01:33","modified_gmt":"2021-08-14T14:01:33","slug":"rendhagyo-irodalomora-2","status":"publish","type":"post","link":"http:\/\/archiv.szolnoktv.hu\/?p=8849","title":{"rendered":"Rendhagy\u00f3 irodalom\u00f3ra"},"content":{"rendered":"<div class='booster-block booster-read-block'><\/div><p>T\u00f3th Krisztina k\u00f6lt\u0151 kulisszatitkokr\u00f3l mes\u00e9l a Varga Katalin Gimn\u00e1zium di\u00e1kjainak. Az iskola nem el\u0151sz\u00f6r szervezett rendhagy\u00f3 irodalom \u00f3r\u00e1t, melybe kort\u00e1rs k\u00f6lt\u0151ket, \u00edr\u00f3kat h\u00edvtak vend\u00e9g\u00fcl. A tanul\u00f3k k\u00e9rdezhettek, az alkot\u00f3k pedig mes\u00e9ltek \u00e9let\u00fckr\u0151l, az \u00edr\u00e1sr\u00f3l \u00e9s a mindennapok gondolatair\u00f3l.<br \/>&#8220;A szem\u00e9lyess\u00e9g mindig seg\u00edt, vagy tasz\u00edt, vagy vonz, m\u00e1s kapcsolat alakul itt. J\u00f3, ha itt a szerz\u0151 \u00e9s akkor megn\u00e9zik a k\u00f6nyv\u00e9t, ut\u00e1na keresnek.&#8221; -mondta JENEI GYULA tan\u00e1r.<br \/>T\u00f3th Krisztina kamaszk\u00e9nt egy alkot\u00f3t\u00e1borban tal\u00e1lkozott el\u0151sz\u00f6r k\u00f6lt\u0151kkel, akik nagy hat\u00e1ssal voltak r\u00e1. Ez\u00e9rt is tartja fontosnak, hogy szem\u00e9lyesen tal\u00e1lkozzon az olvas\u00f3kkal, a di\u00e1kokkal. Mes\u00e9l nekik az \u00e9let\u00e9r\u0151l, a munk\u00e1j\u00e1r\u00f3l, hogy l\u00e1ss\u00e1k: a szerz\u0151k is emberek, akik azokr\u00f3l a dolgokr\u00f3l \u00edrnak, melyek \u0151ket is foglalkoztatj\u00e1k.<br \/>&#8220;Az a c\u00e9l, hogy irodalomszeret\u0151 emberr\u00e9 v\u00e1lj\u00e9k, a napok r\u00e9sz\u00e9v\u00e9 v\u00e1ljon az olvas\u00e1s az \u00edrott sz\u00f6veg.&#8221; -mes\u00e9lte T\u00d3TH KRISZTINA.<br \/>Fontos, hogy a gyerekek val\u00f3di t\u00f6rt\u00e9neteket halljanak &#8211; \u00e9pp ez\u00e9rt mes\u00e9lt a m\u0171helytitkokr\u00f3l is. A Varg\u00e1ban havonta tartanak rendhagy\u00f3 irodalom \u00f3r\u00e1kat, a mostani id\u00e9n m\u00e1r a 7-ik volt.<br \/>\n<br \/>\n<div style=\"width: 640px;\" class=\"wp-video\"><!--[if lt IE 9]><script>document.createElement('video');<\/script><![endif]-->\n<video class=\"wp-video-shortcode\" id=\"video-8849-1\" width=\"640\" height=\"360\" preload=\"metadata\" controls=\"controls\"><source type=\"video\/mp4\" src=\"\/spots\/hir\/hir_180426_04.mp4?_=1\" \/><a href=\"\/spots\/hir\/hir_180426_04.mp4\">\/spots\/hir\/hir_180426_04.mp4<\/a><\/video><\/div><\/p>\n","protected":false},"excerpt":{"rendered":"<p>T\u00f3th Krisztina k\u00f6lt\u0151 kulisszatitkokr\u00f3l mes\u00e9l a Varga Katalin Gimn\u00e1zium di\u00e1kjainak. Az iskola nem el\u0151sz\u00f6r szervezett rendhagy\u00f3 irodalom \u00f3r\u00e1t, melybe kort\u00e1rs k\u00f6lt\u0151ket, \u00edr\u00f3kat h\u00edvtak vend\u00e9g\u00fcl. A tanul\u00f3k k\u00e9rdezhettek, az alkot\u00f3k pedig mes\u00e9ltek \u00e9let\u00fckr\u0151l, az \u00edr\u00e1sr\u00f3l \u00e9s a mindennapok gondolatair\u00f3l.&#8220;A szem\u00e9lyess\u00e9g mindig seg\u00edt, vagy tasz\u00edt, vagy vonz, m\u00e1s kapcsolat alakul itt. J\u00f3, ha itt a szerz\u0151 \u00e9s [&hellip;]<\/p>\n","protected":false},"author":2,"featured_media":0,"comment_status":"closed","ping_status":"closed","sticky":false,"template":"","format":"standard","meta":[],"categories":[9],"tags":[],"_links":{"self":[{"href":"http:\/\/archiv.szolnoktv.hu\/index.php?rest_route=\/wp\/v2\/posts\/8849"}],"collection":[{"href":"http:\/\/archiv.szolnoktv.hu\/index.php?rest_route=\/wp\/v2\/posts"}],"about":[{"href":"http:\/\/archiv.szolnoktv.hu\/index.php?rest_route=\/wp\/v2\/types\/post"}],"author":[{"embeddable":true,"href":"http:\/\/archiv.szolnoktv.hu\/index.php?rest_route=\/wp\/v2\/users\/2"}],"replies":[{"embeddable":true,"href":"http:\/\/archiv.szolnoktv.hu\/index.php?rest_route=%2Fwp%2Fv2%2Fcomments&post=8849"}],"version-history":[{"count":1,"href":"http:\/\/archiv.szolnoktv.hu\/index.php?rest_route=\/wp\/v2\/posts\/8849\/revisions"}],"predecessor-version":[{"id":8944,"href":"http:\/\/archiv.szolnoktv.hu\/index.php?rest_route=\/wp\/v2\/posts\/8849\/revisions\/8944"}],"wp:attachment":[{"href":"http:\/\/archiv.szolnoktv.hu\/index.php?rest_route=%2Fwp%2Fv2%2Fmedia&parent=8849"}],"wp:term":[{"taxonomy":"category","embeddable":true,"href":"http:\/\/archiv.szolnoktv.hu\/index.php?rest_route=%2Fwp%2Fv2%2Fcategories&post=8849"},{"taxonomy":"post_tag","embeddable":true,"href":"http:\/\/archiv.szolnoktv.hu\/index.php?rest_route=%2Fwp%2Fv2%2Ftags&post=8849"}],"curies":[{"name":"wp","href":"https:\/\/api.w.org\/{rel}","templated":true}]}}