{"id":8848,"date":"2018-04-26T16:11:23","date_gmt":"2018-04-26T16:11:23","guid":{"rendered":"http:\/\/archiv.szolnoktv.hu\/?p=8848"},"modified":"2021-08-14T14:01:33","modified_gmt":"2021-08-14T14:01:33","slug":"kozlekedesbiztonsagi-akcio","status":"publish","type":"post","link":"http:\/\/archiv.szolnoktv.hu\/?p=8848","title":{"rendered":"K\u00f6zleked\u00e9sbiztons\u00e1gi akci\u00f3"},"content":{"rendered":"<div class='booster-block booster-read-block'><\/div><p>\u00d5k m\u00e1r t\u00fal vannak a  g\u00e9pj\u00e1rm\u0171vezet\u0151i elm\u00e9leti vizsg\u00e1n, sikerrel teljes\u00edtett\u00e9k azt. A megyei baleset-megel\u0151z\u00e9si bizotts\u00e1g \u00e9s a k\u00f6zleked\u00e9si hat\u00f3s\u00e1g viszont arra is figyel, hogy a tananyagon t\u00fal is hasznos tan\u00e1csokkal l\u00e1ss\u00e1k el a leend\u0151 sof\u0151r\u00f6ket. Az elm\u00falt \u00e9vekben t\u00f6bb hal\u00e1los baleset t\u00f6rt\u00e9nt megy\u00e9nk \u00fatjain. A sof\u0151r\u00f6k szervezet\u00e9ben pedig t\u00f6bb alkalommal is alkoholt illetve k\u00e1b\u00edt\u00f3szert mutattak ki. Ennek \u00e9rdek\u00e9ben k\u00e9sz\u00fclt a Mese a hal\u00e1lr\u00f3l az \u00e9l\u0151knek c\u00edmmel. K\u00e9pekkel illusztr\u00e1lt\u00e1k a filmet, amit Moln\u00e1r L\u00e1szl\u00f3 sz\u00ednm\u0171v\u00e9sz adott el\u0151. Ezt a az eg\u00e9sz h\u00e9ten minden vizsg\u00e1z\u00f3nak levet\u00edtett\u00e9k, hogy tiszt\u00e1ban legyen a vesz\u00e9lyekkel.<\/p>\n<p>-\u00c1tj\u00f6n az az \u00fczenet, hogy milyen neh\u00e9z egy trag\u00e9di\u00e1t meg\u00e9lni a helysz\u00ednen, ak\u00e1r a balesetet elszenved\u0151nek, ak\u00e1r hozz\u00e1tartoz\u00f3nak, de a ment\u0151k, t\u0171zolt\u00f3s\u00e1g, rend\u0151rs\u00e9g k\u00e9pvisel\u0151inek hiszen r\u00e1nk is hat\u00e1ssal vannak ezek a balesetek.&#8221;  &#8211;   mondta Koszty\u00f3 G\u00e1bor r.alezredes, oszt\u00e1lyvezet\u0151.<\/p>\n<p>Az a c\u00e9l, hogy az orsz\u00e1g \u00fatjain ne k\u00f6vetkezzenek be \u00e9rtelmetlen trag\u00e9di\u00e1k  &#8211;   mondt\u00e1k a szakemberek a fiataloknak. A k\u00f6zleked\u00e9sre tudatosan fel kell k\u00e9sz\u00fclni. Nem csak a j\u00e1rm\u0171, hanem saj\u00e1t magunk felk\u00e9sz\u00fclts\u00e9g\u00e9re is figyelj\u00fcnk  &#8211;   hangs\u00falyozt\u00e1k.<\/p>\n<p>-Nem csak az olvasott \u00e9s a tanult sz\u00f6veget kell bemagolni, hanem enn\u00e9l j\u00f3val t\u00f6bbet is jelent a k\u00f6zleked\u00e9s biztons\u00e1ga, j\u00f3val t\u00f6bb mindenre kell odafigyelni \u00e9s ez nem csak demag\u00f3gia, hanem nagyon fontos szempont a k\u00f6zleked\u00e9s sor\u00e1n.&#8221;  &#8211;   mondta Dorogi Attila f\u0151oszt\u00e1lyvezet\u0151 J\u00e1sz-Nagykun-Szolnok Megyei Korm\u00e1nyhivatal Szolnoki J\u00e1r\u00e1si Hivatal\u00e1nak k\u00f6zleked\u00e9si hat\u00f3s\u00e1ga<\/p>\n<p>A megyei balesetmegel\u0151z\u00e9si bizotts\u00e1gnak \u00e9vek \u00f3ta tagja a k\u00f6zleked\u00e9si hat\u00f3s\u00e1g, \u00e9rt\u00e9kelik minden \u00e9vben a m\u00f6g\u00f6tt\u00fck hagyott esztend\u0151t, \u00edgy rem\u00e9lik lesz foganatja az akci\u00f3nak.<\/p>\n<div style=\"width: 640px;\" class=\"wp-video\"><!--[if lt IE 9]><script>document.createElement('video');<\/script><![endif]-->\n<video class=\"wp-video-shortcode\" id=\"video-8848-1\" width=\"640\" height=\"360\" preload=\"metadata\" controls=\"controls\"><source type=\"video\/mp4\" src=\"\/spots\/hir\/hir_180426_02.mp4?_=1\" \/><a href=\"\/spots\/hir\/hir_180426_02.mp4\">\/spots\/hir\/hir_180426_02.mp4<\/a><\/video><\/div>\n","protected":false},"excerpt":{"rendered":"<p>\u00d5k m\u00e1r t\u00fal vannak a g\u00e9pj\u00e1rm\u0171vezet\u0151i elm\u00e9leti vizsg\u00e1n, sikerrel teljes\u00edtett\u00e9k azt. A megyei baleset-megel\u0151z\u00e9si bizotts\u00e1g \u00e9s a k\u00f6zleked\u00e9si hat\u00f3s\u00e1g viszont arra is figyel, hogy a tananyagon t\u00fal is hasznos tan\u00e1csokkal l\u00e1ss\u00e1k el a leend\u0151 sof\u0151r\u00f6ket. Az elm\u00falt \u00e9vekben t\u00f6bb hal\u00e1los baleset t\u00f6rt\u00e9nt megy\u00e9nk \u00fatjain. A sof\u0151r\u00f6k szervezet\u00e9ben pedig t\u00f6bb alkalommal is alkoholt illetve k\u00e1b\u00edt\u00f3szert mutattak [&hellip;]<\/p>\n","protected":false},"author":2,"featured_media":0,"comment_status":"closed","ping_status":"closed","sticky":false,"template":"","format":"standard","meta":[],"categories":[9],"tags":[],"_links":{"self":[{"href":"http:\/\/archiv.szolnoktv.hu\/index.php?rest_route=\/wp\/v2\/posts\/8848"}],"collection":[{"href":"http:\/\/archiv.szolnoktv.hu\/index.php?rest_route=\/wp\/v2\/posts"}],"about":[{"href":"http:\/\/archiv.szolnoktv.hu\/index.php?rest_route=\/wp\/v2\/types\/post"}],"author":[{"embeddable":true,"href":"http:\/\/archiv.szolnoktv.hu\/index.php?rest_route=\/wp\/v2\/users\/2"}],"replies":[{"embeddable":true,"href":"http:\/\/archiv.szolnoktv.hu\/index.php?rest_route=%2Fwp%2Fv2%2Fcomments&post=8848"}],"version-history":[{"count":1,"href":"http:\/\/archiv.szolnoktv.hu\/index.php?rest_route=\/wp\/v2\/posts\/8848\/revisions"}],"predecessor-version":[{"id":8945,"href":"http:\/\/archiv.szolnoktv.hu\/index.php?rest_route=\/wp\/v2\/posts\/8848\/revisions\/8945"}],"wp:attachment":[{"href":"http:\/\/archiv.szolnoktv.hu\/index.php?rest_route=%2Fwp%2Fv2%2Fmedia&parent=8848"}],"wp:term":[{"taxonomy":"category","embeddable":true,"href":"http:\/\/archiv.szolnoktv.hu\/index.php?rest_route=%2Fwp%2Fv2%2Fcategories&post=8848"},{"taxonomy":"post_tag","embeddable":true,"href":"http:\/\/archiv.szolnoktv.hu\/index.php?rest_route=%2Fwp%2Fv2%2Ftags&post=8848"}],"curies":[{"name":"wp","href":"https:\/\/api.w.org\/{rel}","templated":true}]}}