{"id":8847,"date":"2018-04-26T15:11:10","date_gmt":"2018-04-26T15:11:10","guid":{"rendered":"http:\/\/archiv.szolnoktv.hu\/?p=8847"},"modified":"2021-08-14T14:01:33","modified_gmt":"2021-08-14T14:01:33","slug":"elkeszult-szolnok-szelfipontja","status":"publish","type":"post","link":"http:\/\/archiv.szolnoktv.hu\/?p=8847","title":{"rendered":"Elk\u00e9sz\u00fclt Szolnok szelfipontja"},"content":{"rendered":"<div class='booster-block booster-read-block'><\/div><p> A fiatalok kedvelt tal\u00e1lkoz\u00f3hely\u00e9n, a R\u00f3zsakertben kapott helyet a  Szolnok felirat, vagyis a v\u00e1ros els\u0151 szelfipontja.  A szelfi vagyis \u00f6nfot\u00f3 ugyan m\u00e1r az \u0151skorban is l\u00e9tezett, a k\u00f6z\u00f6ss\u00e9gi oldalak felbukkan\u00e1s\u00e1val napjainkban \u00e9li h\u0151skor\u00e1t. A szelfiz\u00e9s legink\u00e1bb a fiatalok k\u00f6r\u00e9ben n\u00e9pszer\u0171, \u00edgy nem meglep\u0151, hogy a szolnoki szelfipont \u00f6tlete is t\u0151l\u00fck sz\u00e1rmazik.<\/p>\n<p>,, A szolnoki di\u00e1kok k\u00e9r\u00e9se volt, hogy legyen egy szelfipont a v\u00e1rosban. A Tisza part az egy k\u00f6zkedvelt ter\u00fclet. Szeretnek ide kij\u00e1rni iskola ut\u00e1n, sportolni. \u00dagy hogy \u00fagy gondoltuk, hogy ezt a teret \u00e9rdemes egy kicsit vid\u00e1mabb\u00e1 tenni ezzel a Szolnok felirattal.&#8221; mondta Km\u00e9zics Di\u00e1na, a Szolnoki V\u00e1rosfejleszt\u0151 Nonprofit Zrt. projektmenedzsere.<\/p>\n<p>A talpazata betonb\u00f3l, a felirat maga pedig m\u0171anyagb\u00f3l k\u00e9sz\u00fclt. A k\u00e9s\u0151bbiek sor\u00e1n nem csak nappal, hanem \u00e9jszaka is l\u00e1that\u00f3 lesz, a szelfipontot ugyanis hamarosan kivil\u00e1g\u00edtj\u00e1k. <\/p>\n<p>,,A di\u00e1kok k\u00e9r\u00e9se volt ugye, de a Szolnoki V\u00e1rosfejleszt\u0151 seg\u00edtett a tervez\u00e9sben \u00e9s ez alapj\u00e1n val\u00f3sult meg a felirat, amit itt l\u00e1thatunk a h\u00e1tt\u00e9rben.&#8221;<\/p>\n<p>A Szolnok felirat v\u00e9g\u00e9n az ok-\u00e9 kiemel\u00e9se a  -M\u00e9g t\u00f6bb ok, SzolnOK!  &#8211;   A helyi identit\u00e1s \u00e9s koh\u00e9zi\u00f3 er\u0151s\u00edt\u00e9se Szolnokon&#8221; elnevez\u00e9s\u0171 programhoz k\u00f6thet\u0151, melynek c\u00e9lja, a helyi k\u00f6z\u00f6ss\u00e9gek fejleszt\u00e9se, a v\u00e1ros n\u00e9pszer\u0171s\u00edt\u00e9se \u00e9s fiatalos\u00edt\u00e1sa. A megyesz\u00e9khely szelfipontj\u00e1t ma d\u00e9lut\u00e1n a v\u00e9gz\u0151s di\u00e1kok hagyom\u00e1nyos fa\u00fcltet\u00e9sekor hivatalosan is \u00e1tadt\u00e1k a szolnokiaknak. <\/p>\n<div style=\"width: 640px;\" class=\"wp-video\"><!--[if lt IE 9]><script>document.createElement('video');<\/script><![endif]-->\n<video class=\"wp-video-shortcode\" id=\"video-8847-1\" width=\"640\" height=\"360\" preload=\"metadata\" controls=\"controls\"><source type=\"video\/mp4\" src=\"\/spots\/hir\/hir_180426_01.mp4?_=1\" \/><a href=\"\/spots\/hir\/hir_180426_01.mp4\">\/spots\/hir\/hir_180426_01.mp4<\/a><\/video><\/div>\n","protected":false},"excerpt":{"rendered":"<p>A fiatalok kedvelt tal\u00e1lkoz\u00f3hely\u00e9n, a R\u00f3zsakertben kapott helyet a Szolnok felirat, vagyis a v\u00e1ros els\u0151 szelfipontja. A szelfi vagyis \u00f6nfot\u00f3 ugyan m\u00e1r az \u0151skorban is l\u00e9tezett, a k\u00f6z\u00f6ss\u00e9gi oldalak felbukkan\u00e1s\u00e1val napjainkban \u00e9li h\u0151skor\u00e1t. A szelfiz\u00e9s legink\u00e1bb a fiatalok k\u00f6r\u00e9ben n\u00e9pszer\u0171, \u00edgy nem meglep\u0151, hogy a szolnoki szelfipont \u00f6tlete is t\u0151l\u00fck sz\u00e1rmazik. ,, A szolnoki di\u00e1kok [&hellip;]<\/p>\n","protected":false},"author":2,"featured_media":0,"comment_status":"closed","ping_status":"closed","sticky":false,"template":"","format":"standard","meta":[],"categories":[9],"tags":[],"_links":{"self":[{"href":"http:\/\/archiv.szolnoktv.hu\/index.php?rest_route=\/wp\/v2\/posts\/8847"}],"collection":[{"href":"http:\/\/archiv.szolnoktv.hu\/index.php?rest_route=\/wp\/v2\/posts"}],"about":[{"href":"http:\/\/archiv.szolnoktv.hu\/index.php?rest_route=\/wp\/v2\/types\/post"}],"author":[{"embeddable":true,"href":"http:\/\/archiv.szolnoktv.hu\/index.php?rest_route=\/wp\/v2\/users\/2"}],"replies":[{"embeddable":true,"href":"http:\/\/archiv.szolnoktv.hu\/index.php?rest_route=%2Fwp%2Fv2%2Fcomments&post=8847"}],"version-history":[{"count":1,"href":"http:\/\/archiv.szolnoktv.hu\/index.php?rest_route=\/wp\/v2\/posts\/8847\/revisions"}],"predecessor-version":[{"id":8946,"href":"http:\/\/archiv.szolnoktv.hu\/index.php?rest_route=\/wp\/v2\/posts\/8847\/revisions\/8946"}],"wp:attachment":[{"href":"http:\/\/archiv.szolnoktv.hu\/index.php?rest_route=%2Fwp%2Fv2%2Fmedia&parent=8847"}],"wp:term":[{"taxonomy":"category","embeddable":true,"href":"http:\/\/archiv.szolnoktv.hu\/index.php?rest_route=%2Fwp%2Fv2%2Fcategories&post=8847"},{"taxonomy":"post_tag","embeddable":true,"href":"http:\/\/archiv.szolnoktv.hu\/index.php?rest_route=%2Fwp%2Fv2%2Ftags&post=8847"}],"curies":[{"name":"wp","href":"https:\/\/api.w.org\/{rel}","templated":true}]}}